{"id":8337,"date":"2015-04-10T01:43:03","date_gmt":"2015-04-10T01:43:03","guid":{"rendered":"http:\/\/www.ecuadoraldia.com.ec\/?p=8337"},"modified":"2015-04-10T01:43:03","modified_gmt":"2015-04-10T01:43:03","slug":"espinosa-durante-25-anos-no-se-incrementara-aporte-patronal-ni-personal-al-iess","status":"publish","type":"post","link":"https:\/\/www.ecuadoraldia.com.ec\/?p=8337","title":{"rendered":"Espinosa: \u00abDurante 25 a\u00f1os no se incrementar\u00e1 aporte patronal ni personal al IESS\u00bb"},"content":{"rendered":"<p style=\"text-align: justify;\"><a href=\"http:\/\/www.ecuadoraldia.com.ec\/wp-content\/uploads\/2015\/04\/RI.jpg\"><img loading=\"lazy\" decoding=\"async\" class=\"alignleft size-medium wp-image-8338\" src=\"http:\/\/www.ecuadoraldia.com.ec\/wp-content\/uploads\/2015\/04\/RI-300x168.jpg\" alt=\"RI\" width=\"300\" height=\"168\" srcset=\"https:\/\/www.ecuadoraldia.com.ec\/wp-content\/uploads\/2015\/04\/RI-300x168.jpg 300w, https:\/\/www.ecuadoraldia.com.ec\/wp-content\/uploads\/2015\/04\/RI.jpg 450w\" sizes=\"(max-width: 300px) 100vw, 300px\" \/><\/a>El presidente del directorio del Instituto Ecuatoriano de Seguridad Social (IESS), Richard Espinosa, sostuvo, en una entrevista al portal Ecuadorinmediato.com, que no se subir\u00e1n las aportaciones patronales ni personales a esta instituci\u00f3n durante los pr\u00f3ximos 25 a\u00f1os, puesto que el sistema del organismo es sostenible.<\/p>\n<p style=\"text-align: justify;\">\u00abHace casi 8 a\u00f1os el Gobierno Nacional sald\u00f3 la deuda hist\u00f3rica del IESS, dej\u00e1ndolo al d\u00eda. En los \u00faltimos a\u00f1os se ha venido pagando puntualmente la contribuci\u00f3n del 40%. Una parte en efectivo y otra parte en bonos. En bonos corresponde $8.000 millones que est\u00e1n pagados, que est\u00e1n teniendo su rendimiento en intereses y que se vuelve a invertir en el BIESS y el IESS.\u00bb, explic\u00f3.<\/p>\n<p style=\"text-align: justify;\">El representante del Gobierno Nacional en el IESS sostuvo adem\u00e1s que seg\u00fan los estudios y los ingresos que percibe la instituci\u00f3n, la Seguridad Social estar\u00eda estable por los pr\u00f3ximos 25 a\u00f1os.<\/p>\n<p style=\"text-align: justify;\">\u00abEl sistema actual es absolutamente sostenible. La seguridad social estar\u00eda sin incrementar el aporte patronal y personal durante 25 a\u00f1os. Obviamente, antes de que se cumpla ese plazo habr\u00e1 que actualizar la norma puesto la esperanza de vida cambia.\u00bb, dijo.<\/p>\n<p style=\"text-align: justify;\">Finalmente, Espinosa aclar\u00f3 que dentro del margen del proyecto de Ley de Justicia Laboral y Seguridad Social no se est\u00e1 considerando una reestructuraci\u00f3n a los c\u00e1lculos de las pensiones jubilares.<\/p>\n<p style=\"text-align: justify;\">\u00abNo estamos tratando ni poniendo en debate ese apartado\u00bb, sentenci\u00f3. (EL TELEGRAFO)<\/p>\n","protected":false},"excerpt":{"rendered":"<p>El presidente del directorio del Instituto Ecuatoriano de Seguridad Social (IESS), Richard Espinosa, sostuvo, en una entrevista al portal Ecuadorinmediato.com,<\/p>\n","protected":false},"author":1,"featured_media":0,"comment_status":"open","ping_status":"open","sticky":false,"template":"","format":"standard","meta":{"footnotes":""},"categories":[1],"tags":[],"_links":{"self":[{"href":"https:\/\/www.ecuadoraldia.com.ec\/index.php?rest_route=\/wp\/v2\/posts\/8337"}],"collection":[{"href":"https:\/\/www.ecuadoraldia.com.ec\/index.php?rest_route=\/wp\/v2\/posts"}],"about":[{"href":"https:\/\/www.ecuadoraldia.com.ec\/index.php?rest_route=\/wp\/v2\/types\/post"}],"author":[{"embeddable":true,"href":"https:\/\/www.ecuadoraldia.com.ec\/index.php?rest_route=\/wp\/v2\/users\/1"}],"replies":[{"embeddable":true,"href":"https:\/\/www.ecuadoraldia.com.ec\/index.php?rest_route=%2Fwp%2Fv2%2Fcomments&post=8337"}],"version-history":[{"count":1,"href":"https:\/\/www.ecuadoraldia.com.ec\/index.php?rest_route=\/wp\/v2\/posts\/8337\/revisions"}],"predecessor-version":[{"id":8339,"href":"https:\/\/www.ecuadoraldia.com.ec\/index.php?rest_route=\/wp\/v2\/posts\/8337\/revisions\/8339"}],"wp:attachment":[{"href":"https:\/\/www.ecuadoraldia.com.ec\/index.php?rest_route=%2Fwp%2Fv2%2Fmedia&parent=8337"}],"wp:term":[{"taxonomy":"category","embeddable":true,"href":"https:\/\/www.ecuadoraldia.com.ec\/index.php?rest_route=%2Fwp%2Fv2%2Fcategories&post=8337"},{"taxonomy":"post_tag","embeddable":true,"href":"https:\/\/www.ecuadoraldia.com.ec\/index.php?rest_route=%2Fwp%2Fv2%2Ftags&post=8337"}],"curies":[{"name":"wp","href":"https:\/\/api.w.org\/{rel}","templated":true}]}}