{"id":8340,"date":"2015-04-10T01:44:24","date_gmt":"2015-04-10T01:44:24","guid":{"rendered":"http:\/\/www.ecuadoraldia.com.ec\/?p=8340"},"modified":"2015-04-10T01:44:24","modified_gmt":"2015-04-10T01:44:24","slug":"comision-aprobo-informe-para-segundo-debate-de-reformas-laborales","status":"publish","type":"post","link":"https:\/\/www.ecuadoraldia.com.ec\/?p=8340","title":{"rendered":"Comisi\u00f3n aprob\u00f3 informe para segundo debate de Reformas Laborales"},"content":{"rendered":"<p style=\"text-align: justify;\"><a href=\"http:\/\/www.ecuadoraldia.com.ec\/wp-content\/uploads\/2015\/04\/09-04-15-infogral-IESS.jpg\"><img loading=\"lazy\" decoding=\"async\" class=\"alignleft size-medium wp-image-8341\" src=\"http:\/\/www.ecuadoraldia.com.ec\/wp-content\/uploads\/2015\/04\/09-04-15-infogral-IESS-300x198.jpg\" alt=\"09-04-15-infogral-IESS\" width=\"300\" height=\"198\" srcset=\"https:\/\/www.ecuadoraldia.com.ec\/wp-content\/uploads\/2015\/04\/09-04-15-infogral-IESS-300x198.jpg 300w, https:\/\/www.ecuadoraldia.com.ec\/wp-content\/uploads\/2015\/04\/09-04-15-infogral-IESS.jpg 450w\" sizes=\"(max-width: 300px) 100vw, 300px\" \/><\/a>En la sede del IESS FUT, ubicado en el sur de Quito, la Comisi\u00f3n de Derechos de los Trabajadores aprob\u00f3 esta noche el informe para segundo debate del Proyecto de Ley de Justicia Laboral y Reconocimiento del Trabajo del Hogar.<\/p>\n<p style=\"text-align: justify;\">La presidenta de la Asamblea Nacional, Gabriela Rivadeneira, intervino previo a la aprobaci\u00f3n y afirm\u00f3 que convocar\u00e1 a sesi\u00f3n de Pleno el pr\u00f3ximo martes 14 de abril para su aprobaci\u00f3n.<\/p>\n<p style=\"text-align: justify;\">En el lugar decenas de amas de casa, jubilados y trabajadores acudieron para apoyar de la \u00abhist\u00f3rica\u00bb aprobaci\u00f3n de este informe que entre otras reformas crea el Consejo Nacional de Trabajo y Salarios, ente de composici\u00f3n tripartita, de car\u00e1cter consultivo, que fortalecer\u00e1 el di\u00e1logo social para la generaci\u00f3n de las pol\u00edticas p\u00fablicas en materia laboral.<\/p>\n<p style=\"text-align: justify;\">Entre las reformas se plante\u00f3 que la persona que realiza trabajo del hogar no remunerado, adem\u00e1s de cumplir con las condiciones generales de acceso, tendr\u00e1 derecho a la pensi\u00f3n por jubilaci\u00f3n ordinaria cuando haya realizado un m\u00ednimo de 240 aportaciones mensuales y cumplido al 65 a\u00f1os de edad. El Art\u00edculo del monto de la pensi\u00f3n, se\u00f1ala que consistir\u00e1 en una pensi\u00f3n mensual cuando: La unidad econ\u00f3mica familiar obtenga ingresos inferiores al cincuenta por ciento (50%) del salario b\u00e1sico unificado, noventa por ciento (90%) de la base de c\u00e1lculo. En todo caso, la pensi\u00f3n m\u00ednima ser\u00e1 equivalente a setenta y nueve (USD 79) d\u00f3lares.<\/p>\n<p style=\"text-align: justify;\">O tambi\u00e9n cuando la unidad econ\u00f3mica familiar obtenga ingresos iguales o superiores al cincuenta (50%) e inferiores al cien por ciento (100%) del salario b\u00e1sico unificado, sesenta y cinco por ciento (65%) de la base de c\u00e1lculo. En todo caso, la pensi\u00f3n m\u00ednima ser\u00e1 equivalente a ciento quince (USD 115) d\u00f3lares.<\/p>\n<p style=\"text-align: justify;\">Las modificaciones al Proyecto, en su mayor\u00eda fueron respaldadas por todos los miembros presentes en las sesiones ordinarias en las cuales se efectuaron los debates.Finalmente los asamble\u00edstas Cristina Reyes (PSC) y Henry Llanes (CREO) votaron negativamente la aprobaci\u00f3n.(Fuente Asamblea Ecuador)<\/p>\n","protected":false},"excerpt":{"rendered":"<p>En la sede del IESS FUT, ubicado en el sur de Quito, la Comisi\u00f3n de Derechos de los Trabajadores aprob\u00f3<\/p>\n","protected":false},"author":1,"featured_media":0,"comment_status":"open","ping_status":"open","sticky":false,"template":"","format":"standard","meta":{"footnotes":""},"categories":[3],"tags":[],"_links":{"self":[{"href":"https:\/\/www.ecuadoraldia.com.ec\/index.php?rest_route=\/wp\/v2\/posts\/8340"}],"collection":[{"href":"https:\/\/www.ecuadoraldia.com.ec\/index.php?rest_route=\/wp\/v2\/posts"}],"about":[{"href":"https:\/\/www.ecuadoraldia.com.ec\/index.php?rest_route=\/wp\/v2\/types\/post"}],"author":[{"embeddable":true,"href":"https:\/\/www.ecuadoraldia.com.ec\/index.php?rest_route=\/wp\/v2\/users\/1"}],"replies":[{"embeddable":true,"href":"https:\/\/www.ecuadoraldia.com.ec\/index.php?rest_route=%2Fwp%2Fv2%2Fcomments&post=8340"}],"version-history":[{"count":1,"href":"https:\/\/www.ecuadoraldia.com.ec\/index.php?rest_route=\/wp\/v2\/posts\/8340\/revisions"}],"predecessor-version":[{"id":8342,"href":"https:\/\/www.ecuadoraldia.com.ec\/index.php?rest_route=\/wp\/v2\/posts\/8340\/revisions\/8342"}],"wp:attachment":[{"href":"https:\/\/www.ecuadoraldia.com.ec\/index.php?rest_route=%2Fwp%2Fv2%2Fmedia&parent=8340"}],"wp:term":[{"taxonomy":"category","embeddable":true,"href":"https:\/\/www.ecuadoraldia.com.ec\/index.php?rest_route=%2Fwp%2Fv2%2Fcategories&post=8340"},{"taxonomy":"post_tag","embeddable":true,"href":"https:\/\/www.ecuadoraldia.com.ec\/index.php?rest_route=%2Fwp%2Fv2%2Ftags&post=8340"}],"curies":[{"name":"wp","href":"https:\/\/api.w.org\/{rel}","templated":true}]}}