{"id":8343,"date":"2015-04-10T01:46:29","date_gmt":"2015-04-10T01:46:29","guid":{"rendered":"http:\/\/www.ecuadoraldia.com.ec\/?p=8343"},"modified":"2015-04-10T01:46:29","modified_gmt":"2015-04-10T01:46:29","slug":"lasso-acepta-invitacion-de-pachakutik-para-discutir-sobre-la-consulta","status":"publish","type":"post","link":"https:\/\/www.ecuadoraldia.com.ec\/?p=8343","title":{"rendered":"Lasso acepta invitaci\u00f3n de Pachakutik para discutir sobre la consulta"},"content":{"rendered":"<p style=\"text-align: justify;\"><a href=\"http:\/\/www.ecuadoraldia.com.ec\/wp-content\/uploads\/2015\/04\/candidatura.jpg\"><img loading=\"lazy\" decoding=\"async\" class=\"alignleft size-medium wp-image-8344\" src=\"http:\/\/www.ecuadoraldia.com.ec\/wp-content\/uploads\/2015\/04\/candidatura-300x212.jpg\" alt=\"candidatura\" width=\"300\" height=\"212\" srcset=\"https:\/\/www.ecuadoraldia.com.ec\/wp-content\/uploads\/2015\/04\/candidatura-300x212.jpg 300w, https:\/\/www.ecuadoraldia.com.ec\/wp-content\/uploads\/2015\/04\/candidatura.jpg 320w\" sizes=\"(max-width: 300px) 100vw, 300px\" \/><\/a>El excandidato presidencial Guillermo Lasso acept\u00f3 una invitaci\u00f3n que Pachakutik hizo al colectivo Compromiso Ecuador para dialogar sobre la consulta popular respecto a la reelecci\u00f3n indefinida.<\/p>\n<p style=\"text-align: justify;\">\u00abAprovecho para responder a Pachakutik que acepto con mucho agrado la invitaci\u00f3n que le han hecho al colectivo Compromiso Ecuador para reunirnos el mi\u00e9rcoles de la pr\u00f3xima semana en Quito y discutir acciones en conjunto entre los distintos colectivos pol\u00edticos que, con acciones concretas, tomamos la iniciativa de una consulta popular\u00bb, asegur\u00f3 Lasso en una entrevista con Diario La Hora en Imbabura, donde posesion\u00f3 a directivas de CREO.<\/p>\n<p style=\"text-align: justify;\">En d\u00edas pasados, Lasso no descart\u00f3 realizar este proceso sin el aval del Consejo Nacional Electoral (CNE), que neg\u00f3 al colectivo la entrega de formularios para dicha consulta. (IEL TELEGRAFO)<\/p>\n","protected":false},"excerpt":{"rendered":"<p>El excandidato presidencial Guillermo Lasso acept\u00f3 una invitaci\u00f3n que Pachakutik hizo al colectivo Compromiso Ecuador para dialogar sobre la consulta<\/p>\n","protected":false},"author":1,"featured_media":0,"comment_status":"open","ping_status":"open","sticky":false,"template":"","format":"standard","meta":{"footnotes":""},"categories":[1],"tags":[],"_links":{"self":[{"href":"https:\/\/www.ecuadoraldia.com.ec\/index.php?rest_route=\/wp\/v2\/posts\/8343"}],"collection":[{"href":"https:\/\/www.ecuadoraldia.com.ec\/index.php?rest_route=\/wp\/v2\/posts"}],"about":[{"href":"https:\/\/www.ecuadoraldia.com.ec\/index.php?rest_route=\/wp\/v2\/types\/post"}],"author":[{"embeddable":true,"href":"https:\/\/www.ecuadoraldia.com.ec\/index.php?rest_route=\/wp\/v2\/users\/1"}],"replies":[{"embeddable":true,"href":"https:\/\/www.ecuadoraldia.com.ec\/index.php?rest_route=%2Fwp%2Fv2%2Fcomments&post=8343"}],"version-history":[{"count":1,"href":"https:\/\/www.ecuadoraldia.com.ec\/index.php?rest_route=\/wp\/v2\/posts\/8343\/revisions"}],"predecessor-version":[{"id":8345,"href":"https:\/\/www.ecuadoraldia.com.ec\/index.php?rest_route=\/wp\/v2\/posts\/8343\/revisions\/8345"}],"wp:attachment":[{"href":"https:\/\/www.ecuadoraldia.com.ec\/index.php?rest_route=%2Fwp%2Fv2%2Fmedia&parent=8343"}],"wp:term":[{"taxonomy":"category","embeddable":true,"href":"https:\/\/www.ecuadoraldia.com.ec\/index.php?rest_route=%2Fwp%2Fv2%2Fcategories&post=8343"},{"taxonomy":"post_tag","embeddable":true,"href":"https:\/\/www.ecuadoraldia.com.ec\/index.php?rest_route=%2Fwp%2Fv2%2Ftags&post=8343"}],"curies":[{"name":"wp","href":"https:\/\/api.w.org\/{rel}","templated":true}]}}