{"id":8346,"date":"2015-04-10T01:51:07","date_gmt":"2015-04-10T01:51:07","guid":{"rendered":"http:\/\/www.ecuadoraldia.com.ec\/?p=8346"},"modified":"2015-04-10T01:52:37","modified_gmt":"2015-04-10T01:52:37","slug":"sse-define-cronograma-para-concretar-financiamiento-del-metro-para-quito","status":"publish","type":"post","link":"https:\/\/www.ecuadoraldia.com.ec\/?p=8346","title":{"rendered":"Se define cronograma para concretar Financiamiento del Metro para Quito"},"content":{"rendered":"<figure id=\"attachment_8347\" aria-describedby=\"caption-attachment-8347\" style=\"width: 225px\" class=\"wp-caption alignleft\"><a href=\"http:\/\/www.ecuadoraldia.com.ec\/wp-content\/uploads\/2015\/04\/images-1.jpg\"><img loading=\"lazy\" decoding=\"async\" class=\"size-full wp-image-8347\" src=\"http:\/\/www.ecuadoraldia.com.ec\/wp-content\/uploads\/2015\/04\/images-1.jpg\" alt=\"foto internet\" width=\"225\" height=\"225\" srcset=\"https:\/\/www.ecuadoraldia.com.ec\/wp-content\/uploads\/2015\/04\/images-1.jpg 225w, https:\/\/www.ecuadoraldia.com.ec\/wp-content\/uploads\/2015\/04\/images-1-150x150.jpg 150w\" sizes=\"(max-width: 225px) 100vw, 225px\" \/><\/a><figcaption id=\"caption-attachment-8347\" class=\"wp-caption-text\">foto internet<\/figcaption><\/figure>\n<p style=\"text-align: justify;\">El Ministro de Finanzas, Fausto Herrera, convoc\u00f3 para ayer tarde a una reuni\u00f3n de trabajo al Municipio de Quito y a los financistas multilaterales, con el fin de avanzar en un plan de trabajo que conlleve a la determinaci\u00f3n de las acciones claves que permitan la inmediata concreci\u00f3n de la Fase II del proyecto Metro de Quito.<\/p>\n<p style=\"text-align: justify;\">En esta cita estuvieron presentes: los principales representantes del cabildo capitalino relacionados con esta obra, encabezados por la Administradora General del Municipio, Alexandra P\u00e9rez; y el Gerente de la Empresa Municipal Metro de Quito, Mauricio Anderson; el equipo t\u00e9cnico del Ministerio de Finanzas; y los delegados de los organismos multilaterales que financiar\u00e1n este proyecto: Corporaci\u00f3n Andina de Fomento (CAF), Banco Mundial, Banco Interamericano de Desarrollo (BID), Banco Europeo de Inversiones y el Fondo Internacionalizaci\u00f3n de la Empresa (FIEM-Espa\u00f1a).<\/p>\n<p style=\"text-align: justify;\">El Ministro Herrera ratific\u00f3 en esta reuni\u00f3n la decisi\u00f3n del Gobierno Nacional de apoyar esta obra con 750 millones de d\u00f3lares y de otorgar las garant\u00edas soberanas para que el Municipio contrate las l\u00edneas de financiamiento adicionales que le permitan cubrir el costo total del proyecto.<\/p>\n<p style=\"text-align: justify;\">Para el efecto, en este encuentro se acord\u00f3 un cronograma a cumplirse por los actores involucrados en el proyecto, en donde constan los pasos administrativos y principales hitos a cumplir, as\u00ed como la suscripci\u00f3n de los convenios de pr\u00e9stamos ya acordados con el BID y con la CAF.<\/p>\n<p style=\"text-align: justify;\">El cumplimiento del cronograma acordado depende de la fecha de conclusi\u00f3n de la negociaci\u00f3n que debe hacer el Municipio con la empresa que propuso el menor costo para la obra, tomando en cuenta que el plazo tope de validez de su oferta es el 30 de mayo de 2015.<\/p>\n<p style=\"text-align: justify;\">Se decidi\u00f3 adem\u00e1s continuar con el proceso de financiamiento del material rodante del Metro.<\/p>\n<p style=\"text-align: justify;\">Asimismo, el Ministerio de Finanzas determinar\u00e1, para otorgar la garant\u00eda soberana, la mejor opci\u00f3n de fuente de financiamiento para que el Municipio pueda cubrir el costo adicional del Metro, sin afectar a los presupuestos de otras municipalidades del pa\u00eds, ya que el aporte multilateral est\u00e1 comprometido y es limitado.<\/p>\n<p style=\"text-align: justify;\">El Ministro Herrera reiter\u00f3 el compromiso del Gobierno Nacional con el pueblo quite\u00f1o en la materializaci\u00f3n de esta importante obra que dotar\u00e1 de un sistema de transporte masivo y moderno para la capital ecuatoriana.(DMQ)<\/p>\n","protected":false},"excerpt":{"rendered":"<p>El Ministro de Finanzas, Fausto Herrera, convoc\u00f3 para ayer tarde a una reuni\u00f3n de trabajo al Municipio de Quito y<\/p>\n","protected":false},"author":1,"featured_media":0,"comment_status":"open","ping_status":"open","sticky":false,"template":"","format":"standard","meta":{"footnotes":""},"categories":[14],"tags":[],"_links":{"self":[{"href":"https:\/\/www.ecuadoraldia.com.ec\/index.php?rest_route=\/wp\/v2\/posts\/8346"}],"collection":[{"href":"https:\/\/www.ecuadoraldia.com.ec\/index.php?rest_route=\/wp\/v2\/posts"}],"about":[{"href":"https:\/\/www.ecuadoraldia.com.ec\/index.php?rest_route=\/wp\/v2\/types\/post"}],"author":[{"embeddable":true,"href":"https:\/\/www.ecuadoraldia.com.ec\/index.php?rest_route=\/wp\/v2\/users\/1"}],"replies":[{"embeddable":true,"href":"https:\/\/www.ecuadoraldia.com.ec\/index.php?rest_route=%2Fwp%2Fv2%2Fcomments&post=8346"}],"version-history":[{"count":2,"href":"https:\/\/www.ecuadoraldia.com.ec\/index.php?rest_route=\/wp\/v2\/posts\/8346\/revisions"}],"predecessor-version":[{"id":8349,"href":"https:\/\/www.ecuadoraldia.com.ec\/index.php?rest_route=\/wp\/v2\/posts\/8346\/revisions\/8349"}],"wp:attachment":[{"href":"https:\/\/www.ecuadoraldia.com.ec\/index.php?rest_route=%2Fwp%2Fv2%2Fmedia&parent=8346"}],"wp:term":[{"taxonomy":"category","embeddable":true,"href":"https:\/\/www.ecuadoraldia.com.ec\/index.php?rest_route=%2Fwp%2Fv2%2Fcategories&post=8346"},{"taxonomy":"post_tag","embeddable":true,"href":"https:\/\/www.ecuadoraldia.com.ec\/index.php?rest_route=%2Fwp%2Fv2%2Ftags&post=8346"}],"curies":[{"name":"wp","href":"https:\/\/api.w.org\/{rel}","templated":true}]}}