{"id":8350,"date":"2015-04-10T02:03:41","date_gmt":"2015-04-10T02:03:41","guid":{"rendered":"http:\/\/www.ecuadoraldia.com.ec\/?p=8350"},"modified":"2015-04-10T02:03:41","modified_gmt":"2015-04-10T02:03:41","slug":"siete-uniformados-fueron-reconocidos-como-los-mejores-policias-comunitarios-del-2014%e2%80%8f","status":"publish","type":"post","link":"https:\/\/www.ecuadoraldia.com.ec\/?p=8350","title":{"rendered":"Siete uniformados fueron reconocidos como los mejores polic\u00edas comunitarios del 2014\u200f"},"content":{"rendered":"<p style=\"text-align: justify;\"><a href=\"http:\/\/www.ecuadoraldia.com.ec\/wp-content\/uploads\/2015\/04\/policias.jpg\"><img loading=\"lazy\" decoding=\"async\" class=\"alignleft size-medium wp-image-8351\" src=\"http:\/\/www.ecuadoraldia.com.ec\/wp-content\/uploads\/2015\/04\/policias-300x194.jpg\" alt=\"policias\" width=\"300\" height=\"194\" srcset=\"https:\/\/www.ecuadoraldia.com.ec\/wp-content\/uploads\/2015\/04\/policias-300x194.jpg 300w, https:\/\/www.ecuadoraldia.com.ec\/wp-content\/uploads\/2015\/04\/policias.jpg 640w\" sizes=\"(max-width: 300px) 100vw, 300px\" \/><\/a>Portoviejo. Siete funcionarios policiales obtuvieron la felicitaci\u00f3n p\u00fablica, en reconocimiento al profesionalismo y trabajo a favor de la comunidad. Fueron merecedores a la menci\u00f3n Mejor Polic\u00eda Comunitario 2014; premio elegido por la ciudadan\u00eda.<\/p>\n<p style=\"text-align: justify;\">En una ceremonia realizada en la Unidad de Vigilancia Comunitaria (UVC) de Portoviejo, se desarroll\u00f3 el homenaje, que inici\u00f3 alrededor de las 11h30, de este 9 de abril.<\/p>\n<p style=\"text-align: justify;\">El cabo segundo Edison Collaguazo Villamar\u00edn, el polic\u00eda Ren\u00e9 Mendoza Mac\u00edas, el polic\u00eda \u00c1ngel Soto Paladines, el cabo primero Edgar Espinoza Taipe, el cabo primero C\u00e9sar Muriel Zamorano, el sargento segundo Freddy Rivas Castillo y el sargento primero Zen\u00e9n Pe\u00f1afiel Zambrano recibieron un documento como s\u00edmbolo de la felicitaci\u00f3n p\u00fablica y una placa.<\/p>\n<p style=\"text-align: justify;\">El incentivo otorgado est\u00e1 amparado en el art\u00edculo 97, numeral 2, del Reglamento de Disciplina de la Polic\u00eda Nacional, en concordancia con el art\u00edculo 99 del mismo Reglamento.<\/p>\n<p style=\"text-align: justify;\">Los servidores policiales laboran en los distritos Pedernales, Manta, Sucre, Rocafuerte, Chone, Bol\u00edvar y Pichincha.<\/p>\n<p style=\"text-align: justify;\">Romel Tapia, jefe de la Polic\u00eda Judicial de Manab\u00ed y quien estuvo a cargo de la premiaci\u00f3n, dijo que este reconocimiento lo da el organismo superior de la instituci\u00f3n, lo que demuestra que tambi\u00e9n son solidarios con los funcionarios policiales.<\/p>\n<p style=\"text-align: justify;\">\u201cDentro de las pol\u00edticas estrat\u00e9gicas hay el reconocimiento a quienes hacen bien su labor, en este caso los polic\u00edas comunitarios, aquellos que han llegado al barrio, a los ciudadanos comunes y corrientes; han organizado, solucionado situaciones de conflicto y, en muchas ocasiones, se transforman en l\u00edderes permanentes. Ellos son art\u00edfices de que nuestra provincia sea una de las m\u00e1s seguras del pa\u00eds\u201d, mencion\u00f3.<\/p>\n<p style=\"text-align: justify;\">Tapia tambi\u00e9n aseguro que gracias al esfuerzo de los polic\u00edas, articulado con otras organizaciones, se ha logrado disminuir los \u00edndices delincuenciales en Manab\u00ed.<\/p>\n<p style=\"text-align: justify;\">Trabajan en beneficio de la comunidad<\/p>\n<p style=\"text-align: justify;\">El cabo primero Edgar Espinoza habl\u00f3 en representaci\u00f3n de sus compa\u00f1eros y expres\u00f3. \u201cD\u00eda a d\u00eda nos permiten crecer como personas, obtenemos nuevos conocimientos dentro de las funciones que nos son encomendadas. Todo esto se ha visto reflejado por los resultados que conseguimos. Esto debe ser una aliciente para que se contin\u00fae trabajando en beneficio de la sociedad, que es a la que nos debemos\u201d, sostuvo.<\/p>\n<p style=\"text-align: justify;\">En la ceremonia estuvo presente el coronel Fausto Castro, jefe del distrito Chone; el capit\u00e1n Danilo Freire, jefe de Servicio de Investigaci\u00f3n de Accidentes de Tr\u00e1nsito (SIAT); el mayor C\u00e9sar Carrera, jefe de la Polic\u00eda Comunitaria de Manab\u00ed, y el monse\u00f1or Lorenzo Voltolini, Obispo de Manab\u00ed.<\/p>\n<p style=\"text-align: justify;\">El sargento Freddy Rivas, indic\u00f3 que su trabajo ha sido servir a la comunidad 100%, entregado a la ciudadan\u00eda, previniendo los delitos y velando por el cumplimiento de las leyes para combatir la delincuencia.<\/p>\n<p style=\"text-align: justify;\">Por su parte el polic\u00eda Ren\u00e9 Mendoza, considera que esta condecoraci\u00f3n p\u00fablica ser\u00e1 un incentivo para continuar con el trabajo desempe\u00f1ado y a su vez servir\u00e1 como ejemplo para todos sus compa\u00f1eros. (Min Interior)<\/p>\n","protected":false},"excerpt":{"rendered":"<p>Portoviejo. Siete funcionarios policiales obtuvieron la felicitaci\u00f3n p\u00fablica, en reconocimiento al profesionalismo y trabajo a favor de la comunidad. Fueron<\/p>\n","protected":false},"author":1,"featured_media":0,"comment_status":"open","ping_status":"open","sticky":false,"template":"","format":"standard","meta":{"footnotes":""},"categories":[4],"tags":[],"_links":{"self":[{"href":"https:\/\/www.ecuadoraldia.com.ec\/index.php?rest_route=\/wp\/v2\/posts\/8350"}],"collection":[{"href":"https:\/\/www.ecuadoraldia.com.ec\/index.php?rest_route=\/wp\/v2\/posts"}],"about":[{"href":"https:\/\/www.ecuadoraldia.com.ec\/index.php?rest_route=\/wp\/v2\/types\/post"}],"author":[{"embeddable":true,"href":"https:\/\/www.ecuadoraldia.com.ec\/index.php?rest_route=\/wp\/v2\/users\/1"}],"replies":[{"embeddable":true,"href":"https:\/\/www.ecuadoraldia.com.ec\/index.php?rest_route=%2Fwp%2Fv2%2Fcomments&post=8350"}],"version-history":[{"count":1,"href":"https:\/\/www.ecuadoraldia.com.ec\/index.php?rest_route=\/wp\/v2\/posts\/8350\/revisions"}],"predecessor-version":[{"id":8352,"href":"https:\/\/www.ecuadoraldia.com.ec\/index.php?rest_route=\/wp\/v2\/posts\/8350\/revisions\/8352"}],"wp:attachment":[{"href":"https:\/\/www.ecuadoraldia.com.ec\/index.php?rest_route=%2Fwp%2Fv2%2Fmedia&parent=8350"}],"wp:term":[{"taxonomy":"category","embeddable":true,"href":"https:\/\/www.ecuadoraldia.com.ec\/index.php?rest_route=%2Fwp%2Fv2%2Fcategories&post=8350"},{"taxonomy":"post_tag","embeddable":true,"href":"https:\/\/www.ecuadoraldia.com.ec\/index.php?rest_route=%2Fwp%2Fv2%2Ftags&post=8350"}],"curies":[{"name":"wp","href":"https:\/\/api.w.org\/{rel}","templated":true}]}}