{"id":8353,"date":"2015-04-10T13:32:30","date_gmt":"2015-04-10T13:32:30","guid":{"rendered":"http:\/\/www.ecuadoraldia.com.ec\/?p=8353"},"modified":"2015-04-10T13:34:18","modified_gmt":"2015-04-10T13:34:18","slug":"8353","status":"publish","type":"post","link":"https:\/\/www.ecuadoraldia.com.ec\/?p=8353","title":{"rendered":"La reuni\u00f3n del m\u00e1s alto nivel entre EE.UU. y Cuba en m\u00e1s de 50 a\u00f1os"},"content":{"rendered":"<figure id=\"attachment_8354\" aria-describedby=\"caption-attachment-8354\" style=\"width: 300px\" class=\"wp-caption alignleft\"><a href=\"http:\/\/www.ecuadoraldia.com.ec\/wp-content\/uploads\/2015\/04\/RODRIGUEZ_KERRY1.jpg\"><img loading=\"lazy\" decoding=\"async\" class=\"size-medium wp-image-8354\" src=\"http:\/\/www.ecuadoraldia.com.ec\/wp-content\/uploads\/2015\/04\/RODRIGUEZ_KERRY1-300x182.jpg\" alt=\"Fuentes cercanas al encuentro se\u00f1alaron que se lograron &quot;progresos&quot;. Foto: AFP\" width=\"300\" height=\"182\" srcset=\"https:\/\/www.ecuadoraldia.com.ec\/wp-content\/uploads\/2015\/04\/RODRIGUEZ_KERRY1-300x182.jpg 300w, https:\/\/www.ecuadoraldia.com.ec\/wp-content\/uploads\/2015\/04\/RODRIGUEZ_KERRY1.jpg 450w\" sizes=\"(max-width: 300px) 100vw, 300px\" \/><\/a><figcaption id=\"caption-attachment-8354\" class=\"wp-caption-text\">Fuentes cercanas al encuentro se\u00f1alaron que se lograron \u00abprogresos\u00bb. Foto: AFP<\/figcaption><\/figure>\n<p style=\"text-align: justify;\">Agencia AFP. El acercamiento entre Cuba y Estados Unidos cobra vida en Panam\u00e1. El secretario de Estado estadounidense, John Kerry, se reuni\u00f3 el jueves con su hom\u00f3logo cubano, Bruno Rodr\u00edguez, en la cita diplom\u00e1tica m\u00e1s importante entre estos pa\u00edses en m\u00e1s de medio siglo.<\/p>\n<p style=\"text-align: justify;\">Un alto funcionario del departamento de Estado dijo que en el encuentro se lograron avances. \u00abEl secretario Kerry y el ministro cubano de Relaciones Exteriores Rodr\u00edguez tuvieron una prolongada y constructiva conversaci\u00f3n esta noche. Ambos estuvieron de acuerdo en que hicieron progresos y que seguiremos trabajando para resolver los temas pendientes\u00bb.<\/p>\n<p style=\"text-align: justify;\">La reuni\u00f3n tuvo lugar un d\u00eda antes del esperado encuentro entre los presidentes Barack Obama y Ra\u00fal Castro, durante la Cumbre de las Am\u00e9ricas este viernes y s\u00e1bado en la capital paname\u00f1a.<\/p>\n<p style=\"text-align: justify;\">Nunca -en m\u00e1s de cinco d\u00e9cadas- los gobernantes de Cuba y Estados Unidos hab\u00edan estado tan cerca. Y ya hay nuevas se\u00f1ales de avances en las negociaciones entre los dos pa\u00edses hacia la normalizaci\u00f3n de sus relaciones, iniciadas hace casi cuatro meses.<\/p>\n<p style=\"text-align: justify;\">El departamento de Estado colg\u00f3 en su cuenta oficial de la red social Twitter una foto en la que se ve a ambos cancilleres estrech\u00e1ndose la mano.<\/p>\n<p style=\"text-align: justify;\">Y poco antes recomend\u00f3 a la Casa Blanca que Cuba sea retirada de su lista de pa\u00edses que patrocinan el terrorismo, asegur\u00f3 el senador estadounidense Ben Cardin, miembro del comit\u00e9 de Relaciones Exteriores de esa c\u00e1mara.<\/p>\n<p style=\"text-align: justify;\">\u00abEs un importante paso adelante en nuestros esfuerzos para forjar una relaci\u00f3n m\u00e1s fruct\u00edfera con Cuba\u00bb, a\u00f1adi\u00f3 en Washington.<\/p>\n<p style=\"text-align: justify;\">De esa manera, los dos pa\u00edses podr\u00e1n avanzar hacia el restablecimiento pleno de las relaciones diplom\u00e1ticas con la reapertura de embajadas en Washington y La Habana.<\/p>\n<p style=\"text-align: justify;\">Estar en la lista junto a Ir\u00e1n, Sud\u00e1n y Siria, implica una serie de sanciones, entre ellas el bloqueo a cualquier intento de parte de La Habana de obtener pr\u00e9stamos de instituciones financieras internacionales.<\/p>\n<p style=\"text-align: justify;\">Lea tambi\u00e9n: \u00bfQu\u00e9 significa que EE.UU. remueva a Cuba de lista de pa\u00edses promotores de terrorismo?<\/p>\n<p style=\"text-align: justify;\">Esto \u00abha sido una especie de piedrita en el zapato en el proceso de normalizaci\u00f3n de relaciones diplom\u00e1ticas\u00bb, coment\u00f3 Frank Mora, director del Centro para Am\u00e9rica Latina y el Caribe de la Florida International University.<\/p>\n<p style=\"text-align: justify;\">Aunque no hay a\u00fan nada oficialmente acordado, Obama y Castro seguramente mantendr\u00e1n una reuni\u00f3n bilateral al margen del foro hemisf\u00e9rico, en el que por primera vez participa Cuba.<\/p>\n<p style=\"text-align: justify;\">Obama destac\u00f3 que el proceso de negociaciones con Cuba \u00abtomar\u00e1 tiempo\u00bb. \u00abNunca predije que todo se pueda transformar de la noche a la ma\u00f1ana\u00bb, dijo en Jamaica, escala previa antes de llegar a Panam\u00e1.<\/p>\n<p style=\"text-align: justify;\">Sin duda alguna, la foto que saldr\u00e1 de la cumbre, la de un presidente estadounidense y uno cubano juntos, quedar\u00e1 como uno de los puntos m\u00e1s altos de la presidencia de Obama. La \u00fanica y \u00faltima vez que Obama y Castro se vieron las caras fue cuando coincidieron en los funerales de Nelson Mandela en Sud\u00e1frica en 2013.<\/p>\n<p style=\"text-align: justify;\">Venezuela, el invitado inc\u00f3modo<\/p>\n<p style=\"text-align: justify;\">Obama ya avis\u00f3 que vendr\u00e1 a la Cumbre con \u00abun mensaje de di\u00e1logo\u00bb, tras destrabar la enemistad con Cuba e incluso firmar un acuerdo nuclear con Ir\u00e1n.<\/p>\n<p style=\"text-align: justify;\">Pero deber\u00e1 responder ante muchos pa\u00edses latinoamericanos, indignados por su decisi\u00f3n de declarar a Venezuela, principal benefactor econ\u00f3mico de Cuba, como una \u00abamenaza inusual y extraordinaria\u00bb para Estados Unidos.<\/p>\n<p style=\"text-align: justify;\">En un mitin en las afueras del Palacio presidencial de Miraflores, en Caracas, el presidente de Venezuela, Nicol\u00e1s Maduro dijo haber reunido 13,4 millones de firmas contra el decreto de Estados Unidos, que har\u00e1 llegar a Obama.<\/p>\n<p style=\"text-align: justify;\">Lea adem\u00e1s: EE.UU. y Venezuela amortiguan las tensiones<\/p>\n<p style=\"text-align: justify;\">Pero en los \u00faltimos d\u00edas, la tensi\u00f3n se redujo entre Washington y Caracas. El gobierno de Estados Unidos reconoci\u00f3 que no cree que Venezuela sea realmente una amenaza, en tanto que Maduro dijo estar dispuesto \u00abal di\u00e1logo\u00bb.<\/p>\n","protected":false},"excerpt":{"rendered":"<p>Agencia AFP. El acercamiento entre Cuba y Estados Unidos cobra vida en Panam\u00e1. El secretario de Estado estadounidense, John Kerry,<\/p>\n","protected":false},"author":1,"featured_media":0,"comment_status":"open","ping_status":"open","sticky":false,"template":"","format":"standard","meta":{"footnotes":""},"categories":[1],"tags":[],"_links":{"self":[{"href":"https:\/\/www.ecuadoraldia.com.ec\/index.php?rest_route=\/wp\/v2\/posts\/8353"}],"collection":[{"href":"https:\/\/www.ecuadoraldia.com.ec\/index.php?rest_route=\/wp\/v2\/posts"}],"about":[{"href":"https:\/\/www.ecuadoraldia.com.ec\/index.php?rest_route=\/wp\/v2\/types\/post"}],"author":[{"embeddable":true,"href":"https:\/\/www.ecuadoraldia.com.ec\/index.php?rest_route=\/wp\/v2\/users\/1"}],"replies":[{"embeddable":true,"href":"https:\/\/www.ecuadoraldia.com.ec\/index.php?rest_route=%2Fwp%2Fv2%2Fcomments&post=8353"}],"version-history":[{"count":3,"href":"https:\/\/www.ecuadoraldia.com.ec\/index.php?rest_route=\/wp\/v2\/posts\/8353\/revisions"}],"predecessor-version":[{"id":8357,"href":"https:\/\/www.ecuadoraldia.com.ec\/index.php?rest_route=\/wp\/v2\/posts\/8353\/revisions\/8357"}],"wp:attachment":[{"href":"https:\/\/www.ecuadoraldia.com.ec\/index.php?rest_route=%2Fwp%2Fv2%2Fmedia&parent=8353"}],"wp:term":[{"taxonomy":"category","embeddable":true,"href":"https:\/\/www.ecuadoraldia.com.ec\/index.php?rest_route=%2Fwp%2Fv2%2Fcategories&post=8353"},{"taxonomy":"post_tag","embeddable":true,"href":"https:\/\/www.ecuadoraldia.com.ec\/index.php?rest_route=%2Fwp%2Fv2%2Ftags&post=8353"}],"curies":[{"name":"wp","href":"https:\/\/api.w.org\/{rel}","templated":true}]}}