{"id":8361,"date":"2015-04-10T23:25:38","date_gmt":"2015-04-10T23:25:38","guid":{"rendered":"http:\/\/www.ecuadoraldia.com.ec\/?p=8361"},"modified":"2015-04-10T23:25:38","modified_gmt":"2015-04-10T23:25:38","slug":"obama-los-dias-de-injerencia-de-estados-unidos-en-america-latina-acabaron","status":"publish","type":"post","link":"https:\/\/www.ecuadoraldia.com.ec\/?p=8361","title":{"rendered":"Obama: Los d\u00edas de injerencia de Estados Unidos en Am\u00e9rica Latina acabaron"},"content":{"rendered":"<figure id=\"attachment_8362\" aria-describedby=\"caption-attachment-8362\" style=\"width: 300px\" class=\"wp-caption alignleft\"><a href=\"http:\/\/www.ecuadoraldia.com.ec\/wp-content\/uploads\/2015\/04\/obama-panama.jpg\"><img loading=\"lazy\" decoding=\"async\" class=\"size-medium wp-image-8362\" src=\"http:\/\/www.ecuadoraldia.com.ec\/wp-content\/uploads\/2015\/04\/obama-panama-300x205.jpg\" alt=\"El presidente estadounidense particip\u00f3 en un foro con representantes de la sociedad civil en Panam\u00e1. FOTO: AFP\" width=\"300\" height=\"205\" srcset=\"https:\/\/www.ecuadoraldia.com.ec\/wp-content\/uploads\/2015\/04\/obama-panama-300x205.jpg 300w, https:\/\/www.ecuadoraldia.com.ec\/wp-content\/uploads\/2015\/04\/obama-panama.jpg 450w\" sizes=\"(max-width: 300px) 100vw, 300px\" \/><\/a><figcaption id=\"caption-attachment-8362\" class=\"wp-caption-text\">El presidente estadounidense particip\u00f3 en un foro con representantes de la sociedad civil en Panam\u00e1. FOTO: AFP<\/figcaption><\/figure>\n<p>Ciudad de Panam\u00e1.AFP. . El presidente de EE.UU., Barack Obama, afirm\u00f3 este viernes que \u00ablos d\u00edas de injerencia de Estados Unidos en Am\u00e9rica Latina acabaron\u00bb, durante un foro al que asisten tambi\u00e9n opositores cubanos y venezolanos en Panam\u00e1 previo a la Cumbre de las Am\u00e9ricas.<\/p>\n<p>El mandatario estadounidense tambi\u00e9n celebr\u00f3 la presencia de Cuba en la Cumbre y asegur\u00f3, \u00abdebemos crear un ambiente que mejore la vida de los cubanos\u00bb.<\/p>\n<p>Lea tambi\u00e9n: Barack Obama y Ra\u00fal Castro, a punto de hist\u00f3rico di\u00e1logo<\/p>\n<p>Obama tambi\u00e9n reiter\u00f3 que \u00ablas naciones fuertes no tienen miedo\u00bb a la sociedad civil.<\/p>\n<p>La sociedad civil es \u00abla conciencia de nuestros pa\u00edses\u00bb, remarc\u00f3 Obama al anunciar el apoyo de EE.UU. a que esa sociedad civil tenga \u00abun rol permanente\u00bb en las futuras Cumbres de las Am\u00e9ricas<\/p>\n","protected":false},"excerpt":{"rendered":"<p>Ciudad de Panam\u00e1.AFP. . El presidente de EE.UU., Barack Obama, afirm\u00f3 este viernes que \u00ablos d\u00edas de injerencia de Estados<\/p>\n","protected":false},"author":1,"featured_media":0,"comment_status":"open","ping_status":"open","sticky":false,"template":"","format":"standard","meta":{"footnotes":""},"categories":[1],"tags":[],"_links":{"self":[{"href":"https:\/\/www.ecuadoraldia.com.ec\/index.php?rest_route=\/wp\/v2\/posts\/8361"}],"collection":[{"href":"https:\/\/www.ecuadoraldia.com.ec\/index.php?rest_route=\/wp\/v2\/posts"}],"about":[{"href":"https:\/\/www.ecuadoraldia.com.ec\/index.php?rest_route=\/wp\/v2\/types\/post"}],"author":[{"embeddable":true,"href":"https:\/\/www.ecuadoraldia.com.ec\/index.php?rest_route=\/wp\/v2\/users\/1"}],"replies":[{"embeddable":true,"href":"https:\/\/www.ecuadoraldia.com.ec\/index.php?rest_route=%2Fwp%2Fv2%2Fcomments&post=8361"}],"version-history":[{"count":1,"href":"https:\/\/www.ecuadoraldia.com.ec\/index.php?rest_route=\/wp\/v2\/posts\/8361\/revisions"}],"predecessor-version":[{"id":8363,"href":"https:\/\/www.ecuadoraldia.com.ec\/index.php?rest_route=\/wp\/v2\/posts\/8361\/revisions\/8363"}],"wp:attachment":[{"href":"https:\/\/www.ecuadoraldia.com.ec\/index.php?rest_route=%2Fwp%2Fv2%2Fmedia&parent=8361"}],"wp:term":[{"taxonomy":"category","embeddable":true,"href":"https:\/\/www.ecuadoraldia.com.ec\/index.php?rest_route=%2Fwp%2Fv2%2Fcategories&post=8361"},{"taxonomy":"post_tag","embeddable":true,"href":"https:\/\/www.ecuadoraldia.com.ec\/index.php?rest_route=%2Fwp%2Fv2%2Ftags&post=8361"}],"curies":[{"name":"wp","href":"https:\/\/api.w.org\/{rel}","templated":true}]}}