{"id":8364,"date":"2015-04-10T23:28:36","date_gmt":"2015-04-10T23:28:36","guid":{"rendered":"http:\/\/www.ecuadoraldia.com.ec\/?p=8364"},"modified":"2015-04-10T23:28:36","modified_gmt":"2015-04-10T23:28:36","slug":"lideres-parlamentarios-analizan-los-alcances-del-parlamento-sudamericano-en-quito","status":"publish","type":"post","link":"https:\/\/www.ecuadoraldia.com.ec\/?p=8364","title":{"rendered":"L\u00edderes parlamentarios analizan los alcances del Parlamento Sudamericano, en Quito"},"content":{"rendered":"<figure id=\"attachment_8365\" aria-describedby=\"caption-attachment-8365\" style=\"width: 300px\" class=\"wp-caption alignleft\"><a href=\"http:\/\/www.ecuadoraldia.com.ec\/wp-content\/uploads\/2015\/04\/unasur-rdp.jpg\"><img loading=\"lazy\" decoding=\"async\" class=\"size-medium wp-image-8365\" src=\"http:\/\/www.ecuadoraldia.com.ec\/wp-content\/uploads\/2015\/04\/unasur-rdp-300x200.jpg\" alt=\"Foto cortesia\" width=\"300\" height=\"200\" srcset=\"https:\/\/www.ecuadoraldia.com.ec\/wp-content\/uploads\/2015\/04\/unasur-rdp-300x200.jpg 300w, https:\/\/www.ecuadoraldia.com.ec\/wp-content\/uploads\/2015\/04\/unasur-rdp.jpg 420w\" sizes=\"(max-width: 300px) 100vw, 300px\" \/><\/a><figcaption id=\"caption-attachment-8365\" class=\"wp-caption-text\">Foto cortesia<\/figcaption><\/figure>\n<p style=\"text-align: justify;\">L\u00edderes parlamentarios de 7 de los 12 pa\u00edses de la Uni\u00f3n de Naciones Suramericanas (Unasur) se encuentra reunidos para analizar las estrategias que permitan impulsar la creaci\u00f3n del Parlamento Suramericano y abordar temas de integraci\u00f3n.<\/p>\n<p style=\"text-align: justify;\">Este encuentro forma parte de la denominada Mesa de Di\u00e1logo y Convergencia de Presidentes y Presidentas de Parlamentos Nacionales de los pa\u00edses de Unasur. Ah\u00ed participan representantes de Argentina, Bolivia, Chile, Ecuador, Paraguay, Per\u00fa y Surinam.<\/p>\n<p style=\"text-align: justify;\">El objetivo primordial de la cita es avanzar en el di\u00e1logo pol\u00edtico para la construcci\u00f3n del Parlamento Suramericano y la coordinaci\u00f3n interparlamentaria en temas prioritarios de la agenda de integraci\u00f3n, explic\u00f3 Gabriela Rivadeneira, presidenta de la Asamblea Nacional, durante una rueda de prensa desde la sede de Unasur, en la Mitad del Mundo (provincia de Pichincha).<\/p>\n<p style=\"text-align: justify;\">La titular del legislativo adelant\u00f3 que en este encuentro habr\u00e1 algunos temas que se discutir\u00e1n dentro de sus competencias. Uno de ellos es la ciudadan\u00eda sudamericana.<\/p>\n<p style=\"text-align: justify;\">El Secretario General de la organizaci\u00f3n, Ernesto Samper, a\u00f1adi\u00f3 que los representantes tambi\u00e9n tendr\u00e1n que analizar como se organizar\u00e1 el poder legislativo de Unasur y su capacidad legislativa, ya que cada decisi\u00f3n que se toma en cada pa\u00eds tiene que pasar por los congresos.<\/p>\n<p style=\"text-align: justify;\">En ese sentido, Samper reiter\u00f3 que el Parlamento Sudamericano no es un organismo que cuenta con supranacionalidad (lo que se determine en un parlamento es una ley), como ocurre con el europeo. Aclar\u00f3 que esta potestad la tiene la Comunidad Andina.<\/p>\n<p style=\"text-align: justify;\">\u00abTodas las decisiones que se adopten en el desarrollo del Acuerdo de Cartagena se consideran que son ley de manera inmediata para los pa\u00edses\u00bb, dijo.<\/p>\n<p style=\"text-align: justify;\">Por ello explic\u00f3 que en la reuni\u00f3n se tomar\u00e1n en cuenta otros conceptos de organismos similares como Parlamento Andino, Amaz\u00f3nico, del Mercosur, los cuales en algunos casos son elegidos por votaci\u00f3n popular, en otros de manera indirecta.<\/p>\n<p style=\"text-align: justify;\">Incluso, dijo Samper, pr\u00f3ximamente se convocar\u00e1n a los parlamentos que tienen una mayor relaci\u00f3n con los gobiernos en una primera instancia para conocer c\u00f3mo se puede conseguir una integraci\u00f3n.<\/p>\n<p style=\"text-align: justify;\">En ese contexto, uno de los primeros pasos ser\u00e1 plantear un cronograma de trabajo para la conformaci\u00f3n de un parlamento sudamericano. Samper mencion\u00f3 que Bolivia ha dado los primeros pasos y record\u00f3 que se est\u00e1 construyendo la sede del Parlamento Sudamericano en Cochabamba.<\/p>\n<p style=\"text-align: justify;\">El Parlamento Sudamericano, entre otros objetivos, plantea consolidar un espacio de di\u00e1logo pol\u00edtico permanente de los estados miembros con el prop\u00f3sito de fortalecer los niveles de participaci\u00f3n de la Unasur.<\/p>\n<p style=\"text-align: justify;\">Adem\u00e1s contempla la defensa soberana de los recursos naturales de la regi\u00f3n; eliminar la desigualdad socio-econ\u00f3mica, promoci\u00f3n de los derechos humanos, entre otros principios.<\/p>\n<p style=\"text-align: justify;\">Rivadeneira estim\u00f3 que en la noche se contar\u00eda con los primeros resultados de estas mesas de di\u00e1logos para establecer la agenda de trabajo de 2015.(El tel\u00e9grafo)<\/p>\n","protected":false},"excerpt":{"rendered":"<p>L\u00edderes parlamentarios de 7 de los 12 pa\u00edses de la Uni\u00f3n de Naciones Suramericanas (Unasur) se encuentra reunidos para analizar<\/p>\n","protected":false},"author":1,"featured_media":0,"comment_status":"open","ping_status":"open","sticky":false,"template":"","format":"standard","meta":{"footnotes":""},"categories":[3],"tags":[],"_links":{"self":[{"href":"https:\/\/www.ecuadoraldia.com.ec\/index.php?rest_route=\/wp\/v2\/posts\/8364"}],"collection":[{"href":"https:\/\/www.ecuadoraldia.com.ec\/index.php?rest_route=\/wp\/v2\/posts"}],"about":[{"href":"https:\/\/www.ecuadoraldia.com.ec\/index.php?rest_route=\/wp\/v2\/types\/post"}],"author":[{"embeddable":true,"href":"https:\/\/www.ecuadoraldia.com.ec\/index.php?rest_route=\/wp\/v2\/users\/1"}],"replies":[{"embeddable":true,"href":"https:\/\/www.ecuadoraldia.com.ec\/index.php?rest_route=%2Fwp%2Fv2%2Fcomments&post=8364"}],"version-history":[{"count":1,"href":"https:\/\/www.ecuadoraldia.com.ec\/index.php?rest_route=\/wp\/v2\/posts\/8364\/revisions"}],"predecessor-version":[{"id":8366,"href":"https:\/\/www.ecuadoraldia.com.ec\/index.php?rest_route=\/wp\/v2\/posts\/8364\/revisions\/8366"}],"wp:attachment":[{"href":"https:\/\/www.ecuadoraldia.com.ec\/index.php?rest_route=%2Fwp%2Fv2%2Fmedia&parent=8364"}],"wp:term":[{"taxonomy":"category","embeddable":true,"href":"https:\/\/www.ecuadoraldia.com.ec\/index.php?rest_route=%2Fwp%2Fv2%2Fcategories&post=8364"},{"taxonomy":"post_tag","embeddable":true,"href":"https:\/\/www.ecuadoraldia.com.ec\/index.php?rest_route=%2Fwp%2Fv2%2Ftags&post=8364"}],"curies":[{"name":"wp","href":"https:\/\/api.w.org\/{rel}","templated":true}]}}