{"id":8370,"date":"2015-04-10T23:42:15","date_gmt":"2015-04-10T23:42:15","guid":{"rendered":"http:\/\/www.ecuadoraldia.com.ec\/?p=8370"},"modified":"2015-04-10T23:42:15","modified_gmt":"2015-04-10T23:42:15","slug":"la-fenocin-realizara-segundo-encuentro-nacional-e-intercultural-del-conocimiento","status":"publish","type":"post","link":"https:\/\/www.ecuadoraldia.com.ec\/?p=8370","title":{"rendered":"La FENOCIN realizar\u00e1 segundo encuentro Nacional e Intercultural del Conocimiento"},"content":{"rendered":"<p style=\"text-align: justify;\"><a href=\"http:\/\/www.ecuadoraldia.com.ec\/wp-content\/uploads\/2015\/04\/fenocin.jpg\"><img loading=\"lazy\" decoding=\"async\" class=\"alignleft size-medium wp-image-8371\" src=\"http:\/\/www.ecuadoraldia.com.ec\/wp-content\/uploads\/2015\/04\/fenocin-300x193.jpg\" alt=\"fenocin\" width=\"300\" height=\"193\" srcset=\"https:\/\/www.ecuadoraldia.com.ec\/wp-content\/uploads\/2015\/04\/fenocin-300x193.jpg 300w, https:\/\/www.ecuadoraldia.com.ec\/wp-content\/uploads\/2015\/04\/fenocin.jpg 486w\" sizes=\"(max-width: 300px) 100vw, 300px\" \/><\/a>En el marco de la lucha campesina a nivel internacional, La Confederaci\u00f3n Nacional de Organizaciones Ind\u00edgenas campesinas y Negras del Ecuador (FENOCIN), realizar\u00e1 los d\u00edas \u00a017 y 18 de abril pr\u00f3ximo en Quito, sector del Parque del Arbolito, el segundo encuentro nacional e Internacional de conocimientos y saberes ancestrales.<\/p>\n<p style=\"text-align: justify;\">El viernes 17 \u00a0por la ma\u00f1ana habr\u00e1 una exposici\u00f3n de medicina ancestral, en la que los maestros chamanes, conocedores de las bondades de la medicina alternativa dar\u00e1n a conocer acerca de los procedimientos para la prevenci\u00f3n y cura de las enfermedades con hierbas medicinales.<\/p>\n<p style=\"text-align: justify;\">Por la tarde, se desarrollar\u00e1 el encuentro intercultural de las juventudes, con la participaci\u00f3n de diversas agrupaciones de las distintas comunidades, quienes deleitar\u00e1n a los asistentes con sus bailes y tradiciones culturales propias de las provincias del Pa\u00eds.<\/p>\n<p style=\"text-align: justify;\"><a href=\"http:\/\/www.ecuadoraldia.com.ec\/wp-content\/uploads\/2015\/04\/DSC03090.jpg\"><img loading=\"lazy\" decoding=\"async\" class=\"alignleft size-medium wp-image-8372\" src=\"http:\/\/www.ecuadoraldia.com.ec\/wp-content\/uploads\/2015\/04\/DSC03090-300x294.jpg\" alt=\"DSC03090\" width=\"300\" height=\"294\" srcset=\"https:\/\/www.ecuadoraldia.com.ec\/wp-content\/uploads\/2015\/04\/DSC03090-300x294.jpg 300w, https:\/\/www.ecuadoraldia.com.ec\/wp-content\/uploads\/2015\/04\/DSC03090.jpg 304w\" sizes=\"(max-width: 300px) 100vw, 300px\" \/><\/a>As\u00ed lo anuncio, Pedro Fuentes, responsable del \u00e1rea t\u00e9cnica de la FEOCIN, quien destaca que en esta feria la gente podr\u00e1 apreciar y adquirir productos org\u00e1nicos producidos sin la utilizaci\u00f3n de qu\u00edmicos<\/p>\n<p style=\"text-align: justify;\">Delegados de las tres regiones del Pa\u00eds har\u00e1n el \u201cRandi Randi\u201d, que es el intercambio de conocimientos en el uso de semillas, y productos cosechados en invernaderos.<\/p>\n<p style=\"text-align: justify;\">El s\u00e1bado 18 \u00a0continuar\u00e1 la feria y la realizaci\u00f3n del FORO sobre el rol de la mujer campesina, en\u00a0 lo referente a su participaci\u00f3n en el desarrollo de \u00a0la microempresa con valor agregado.<\/p>\n<p style=\"text-align: justify;\">Al evento asistir\u00e1n \u00a0el Presidente de la Organizaci\u00f3n, Santos Villamar, autoridades del gobierno central, asamble\u00edstas e invitados de organizaciones campesinas de Venezuela y Bolivia, Expres\u00f3 Dirigente.<\/p>\n<p style=\"text-align: justify;\">Adem\u00e1s la FENOCIN particip\u00f3 los d\u00edas 9 y 10 de abril del encuentro nacional denominado \u00a0cambio de la matriz productiva, desde la mirada de los pueblos y comunidades, organizado por el Grupo Parlamentario por los Derechos de los Pueblos y Nacionalidades del Ecuador, en laque se \u00a0discutieron \u00a0temas fundamental para la transformaci\u00f3n del pa\u00eds, desde el cambio de la matriz productiva,\u00a0 junto a\u00a0 200 representantes.<\/p>\n<p>Oficina FENOCIN<\/p>\n<p>&nbsp;<\/p>\n","protected":false},"excerpt":{"rendered":"<p>En el marco de la lucha campesina a nivel internacional, La Confederaci\u00f3n Nacional de Organizaciones Ind\u00edgenas campesinas y Negras del<\/p>\n","protected":false},"author":1,"featured_media":0,"comment_status":"open","ping_status":"open","sticky":false,"template":"","format":"standard","meta":{"footnotes":""},"categories":[1],"tags":[],"_links":{"self":[{"href":"https:\/\/www.ecuadoraldia.com.ec\/index.php?rest_route=\/wp\/v2\/posts\/8370"}],"collection":[{"href":"https:\/\/www.ecuadoraldia.com.ec\/index.php?rest_route=\/wp\/v2\/posts"}],"about":[{"href":"https:\/\/www.ecuadoraldia.com.ec\/index.php?rest_route=\/wp\/v2\/types\/post"}],"author":[{"embeddable":true,"href":"https:\/\/www.ecuadoraldia.com.ec\/index.php?rest_route=\/wp\/v2\/users\/1"}],"replies":[{"embeddable":true,"href":"https:\/\/www.ecuadoraldia.com.ec\/index.php?rest_route=%2Fwp%2Fv2%2Fcomments&post=8370"}],"version-history":[{"count":1,"href":"https:\/\/www.ecuadoraldia.com.ec\/index.php?rest_route=\/wp\/v2\/posts\/8370\/revisions"}],"predecessor-version":[{"id":8373,"href":"https:\/\/www.ecuadoraldia.com.ec\/index.php?rest_route=\/wp\/v2\/posts\/8370\/revisions\/8373"}],"wp:attachment":[{"href":"https:\/\/www.ecuadoraldia.com.ec\/index.php?rest_route=%2Fwp%2Fv2%2Fmedia&parent=8370"}],"wp:term":[{"taxonomy":"category","embeddable":true,"href":"https:\/\/www.ecuadoraldia.com.ec\/index.php?rest_route=%2Fwp%2Fv2%2Fcategories&post=8370"},{"taxonomy":"post_tag","embeddable":true,"href":"https:\/\/www.ecuadoraldia.com.ec\/index.php?rest_route=%2Fwp%2Fv2%2Ftags&post=8370"}],"curies":[{"name":"wp","href":"https:\/\/api.w.org\/{rel}","templated":true}]}}