{"id":8376,"date":"2015-04-27T16:38:13","date_gmt":"2015-04-27T16:38:13","guid":{"rendered":"http:\/\/www.ecuadoraldia.com.ec\/?p=8376"},"modified":"2015-04-27T16:38:13","modified_gmt":"2015-04-27T16:38:13","slug":"ecuador-expone-en-el-vaticano-vision-y-logros-en-el-campo-ambiental","status":"publish","type":"post","link":"https:\/\/www.ecuadoraldia.com.ec\/?p=8376","title":{"rendered":"Ecuador expone en el Vaticano visi\u00f3n y logros  en el campo ambiental"},"content":{"rendered":"<p style=\"text-align: justify;\"><a href=\"http:\/\/www.ecuadoraldia.com.ec\/wp-content\/uploads\/2015\/04\/correa_vaticano.jpg\"><img loading=\"lazy\" decoding=\"async\" class=\"alignleft size-medium wp-image-8377\" alt=\"correa_vaticano\" src=\"http:\/\/www.ecuadoraldia.com.ec\/wp-content\/uploads\/2015\/04\/correa_vaticano-300x174.jpg\" width=\"300\" height=\"174\" srcset=\"https:\/\/www.ecuadoraldia.com.ec\/wp-content\/uploads\/2015\/04\/correa_vaticano-300x174.jpg 300w, https:\/\/www.ecuadoraldia.com.ec\/wp-content\/uploads\/2015\/04\/correa_vaticano.jpg 580w\" sizes=\"(max-width: 300px) 100vw, 300px\" \/><\/a>Quito, 27 abr (Andes).- El presidente de la Rep\u00fablica, Rafael Correa, arribar\u00e1 la noche de este lunes a Ciudad del Vaticano para estar presente, el martes, en la Conferencia de Alto Nivel &#8216;Proteger la Tierra y Dignificar al Ser Humano&#8217;, organizada por la Red de Soluciones para el Desarrollo Sostenible de la Organizaci\u00f3n de Naciones Unidas (ONU) y la Academia Pontifica de Ciencias y Religiones para la Paz de la Santa Sede.<\/p>\n<p style=\"text-align: justify;\">La conferencia, a la que el mandatario ecuatoriano asistir\u00e1 como \u00fanico jefe de Estado invitado, se desarrollar\u00e1 para elevar el debate global sobre la necesidad de discutir acerca de las dimensiones morales del cambio clim\u00e1tico y el desarrollo sostenible, previo a la publicaci\u00f3n de la primera enc\u00edclica del Papa sobre cambio clim\u00e1tico y la Cumbre Clim\u00e1tica que se celebrar\u00e1 en diciembre, en Par\u00eds.<\/p>\n<p style=\"text-align: justify;\">La ministra de Ambiente del Ecuador, Lorena Tapia, encabezar\u00e1 la delegaci\u00f3n t\u00e9cnica del Ecuador que asistir\u00e1 al presidente en su ponencia. Ella se\u00f1al\u00f3, en un bolet\u00edn de prensa, que esta invitaci\u00f3n a El Vaticano \u201ces un reconocimiento al liderazgo internacional de Ecuador en materia de protecci\u00f3n a la naturaleza y mitigaci\u00f3n de los efectos del calentamiento global\u201d.<\/p>\n<p style=\"text-align: justify;\">Por su parte, Correa destac\u00f3 durante su habitual enlace semanal de rendici\u00f3n de cuentas de cada s\u00e1bado que \u201cEcuador produce bienes sumamente importantes de libre acceso, bienes ambientales que regulan el clima mundial pero que los pa\u00edses del denominado \u201cprimer mundo\u201d los consumen sin pagar nada.<\/p>\n<p style=\"text-align: justify;\">\u00abEn la nueva divisi\u00f3n del trabajo, los poderosos pueden consumir gratuitamente los bienes que nosotros generamos, en cambio nosotros s\u00ed tenemos que pagar por los bienes que ellos generan\u201d, cuestion\u00f3 el mandatario que hablar\u00e1 de esto durante su conferencia.<\/p>\n<p style=\"text-align: justify;\">\u201cEl concepto que propone Ecuador es globalizador. Hay que compensar la emisi\u00f3n neta evitada. No ensuciar equivale a limpiar, entonces si me compensan por reemplazar una termoel\u00e9ctrica por una hidroel\u00e9ctrica (\u2026) tambi\u00e9n hay compensarse que mi petr\u00f3leo est\u00e9 bajo tierra porque no lanza emisiones a la atmosfera. Eso era la iniciativa Yasun\u00ed ITT que no la entendi\u00f3 el mundo o no la quiso entender. Tambi\u00e9n vamos a llevar esa propuesta a Roma\u201d, dijo el presidente.<\/p>\n<p style=\"text-align: justify;\">Se\u00f1al\u00f3, adem\u00e1s, que otra de las propuestas es un impuesto a las exportaciones de petr\u00f3leo \u201cpara que disminuya la demanda se genere un fondo y con eso se compense a los pa\u00edses pobres exportadores de petr\u00f3leo y se compense a los pa\u00edses por efectos del cambio clim\u00e1tico\u201d.<\/p>\n<p style=\"text-align: justify;\">Tras la conferencia, el presidente Correa y la ministra asistir\u00e1n a una audiencia privada con el papa Francisco en la que hablar\u00e1n sobre su visita al pa\u00eds prevista en julio pr\u00f3ximo y le agradecer\u00e1 en nombre del pueblo ecuatoriano.<\/p>\n<p style=\"text-align: justify;\">Seg\u00fan el calendario del Vaticano, el papa Francisco visitar\u00e1 el pa\u00eds suramericano los d\u00edas 6, 7 y 8 de julio y concentrar\u00e1 sus actividades en Quito y Guayaquil, ciudades que ya conoce y a las que visit\u00f3 en 1983 cuando fue director regional de la Congregaci\u00f3n de los Jesuitas.<\/p>\n<p style=\"text-align: justify;\">Ecuador conincide con la visi\u00f3n ambiental del Vaticano<\/p>\n<p style=\"text-align: justify;\">La visi\u00f3n de Ecuador sobre el manejo ambiental y los logros del pa\u00eds en protecci\u00f3n de la naturaleza ser\u00e1n parte de las tem\u00e1ticas que se abordar\u00e1n en la conferencia bajo el t\u00edtulo: &#8216;Las dimensiones morales del cambio clim\u00e1tico y el desarrollo sostenible&#8217;.<\/p>\n<p style=\"text-align: justify;\">La conferencia estar\u00e1 liderada por el secretario general de Naciones Unidas, Ban Ki-moon; el secretario de Estado del Vaticano, cardenal Pietro Parolin; el economista ambiental Jeffrey Sachs; y el cardenal Peter Turkson, presidente del Pontificio Consejo para la Justicia y la Paz y asesor de Jorge Bergoglio en temas de cambio clim\u00e1tico.<\/p>\n<p style=\"text-align: justify;\">Correa disertar\u00e1 con el tema &#8216;Justicia Clim\u00e1tica y Desarrollo Sostenible en la Estructura del Estado Ecuatoriano&#8217; en el que mencionar\u00e1 los derechos que tiene la naturaleza en la Constituci\u00f3n del Ecuador; el Plan Nacional del Buen Vivir, que busca que el ser humano viva en armon\u00eda con la naturaleza; la transformaci\u00f3n de matriz productiva, modelo que contempla el acceso justo a los recursos naturales y servicios ecosist\u00e9micos; y, la Estrategia Nacional de Cambio Clim\u00e1tico.<\/p>\n<p style=\"text-align: justify;\">Ecuador fue invitado a El Vaticano justamente por las importantes coincidencias que existen entre la visi\u00f3n papal del desarrollo sostenible y la actual filosof\u00eda del gobierno nacional en esta misma materia.<\/p>\n<p style=\"text-align: justify;\">Seg\u00fan un bolet\u00edn del Ministerio de Ambiente, desde 2008 se han conservado en Ecuador 1\u2019400.000 hect\u00e1reas (5% de la superficie del pa\u00eds), lo que equivale a unos 840 millones de \u00e1rboles. Asimismo, se han reforestado 65 millones de \u00e1rboles en unas 125.000 hect\u00e1reas.<\/p>\n<p style=\"text-align: justify;\">La inversi\u00f3n total en conservaci\u00f3n y restauraci\u00f3n del 2008 al 2014 asciende a 73 millones de d\u00f3lares, una cifra nunca antes considerada para este rubro en la historia del pa\u00eds. (\u00a0Agencia de Noticias Andes)<\/p>\n","protected":false},"excerpt":{"rendered":"<p>Quito, 27 abr (Andes).- El presidente de la Rep\u00fablica, Rafael Correa, arribar\u00e1 la noche de este lunes a Ciudad del<\/p>\n","protected":false},"author":1,"featured_media":0,"comment_status":"open","ping_status":"open","sticky":false,"template":"","format":"standard","meta":{"footnotes":""},"categories":[1],"tags":[],"_links":{"self":[{"href":"https:\/\/www.ecuadoraldia.com.ec\/index.php?rest_route=\/wp\/v2\/posts\/8376"}],"collection":[{"href":"https:\/\/www.ecuadoraldia.com.ec\/index.php?rest_route=\/wp\/v2\/posts"}],"about":[{"href":"https:\/\/www.ecuadoraldia.com.ec\/index.php?rest_route=\/wp\/v2\/types\/post"}],"author":[{"embeddable":true,"href":"https:\/\/www.ecuadoraldia.com.ec\/index.php?rest_route=\/wp\/v2\/users\/1"}],"replies":[{"embeddable":true,"href":"https:\/\/www.ecuadoraldia.com.ec\/index.php?rest_route=%2Fwp%2Fv2%2Fcomments&post=8376"}],"version-history":[{"count":2,"href":"https:\/\/www.ecuadoraldia.com.ec\/index.php?rest_route=\/wp\/v2\/posts\/8376\/revisions"}],"predecessor-version":[{"id":8379,"href":"https:\/\/www.ecuadoraldia.com.ec\/index.php?rest_route=\/wp\/v2\/posts\/8376\/revisions\/8379"}],"wp:attachment":[{"href":"https:\/\/www.ecuadoraldia.com.ec\/index.php?rest_route=%2Fwp%2Fv2%2Fmedia&parent=8376"}],"wp:term":[{"taxonomy":"category","embeddable":true,"href":"https:\/\/www.ecuadoraldia.com.ec\/index.php?rest_route=%2Fwp%2Fv2%2Fcategories&post=8376"},{"taxonomy":"post_tag","embeddable":true,"href":"https:\/\/www.ecuadoraldia.com.ec\/index.php?rest_route=%2Fwp%2Fv2%2Ftags&post=8376"}],"curies":[{"name":"wp","href":"https:\/\/api.w.org\/{rel}","templated":true}]}}