{"id":8381,"date":"2015-04-28T00:30:56","date_gmt":"2015-04-28T00:30:56","guid":{"rendered":"http:\/\/www.ecuadoraldia.com.ec\/?p=8381"},"modified":"2015-04-28T00:30:56","modified_gmt":"2015-04-28T00:30:56","slug":"exministro-del-deporte-fue-sentenciado-a-4-anos-de-prision-por-peculado","status":"publish","type":"post","link":"https:\/\/www.ecuadoraldia.com.ec\/?p=8381","title":{"rendered":"Exministro del Deporte fue sentenciado a 4 a\u00f1os de prisi\u00f3n por peculado"},"content":{"rendered":"<p style=\"text-align: justify;\"><a href=\"http:\/\/www.ecuadoraldia.com.ec\/wp-content\/uploads\/2015\/04\/raul-carrion.jpg\"><img loading=\"lazy\" decoding=\"async\" class=\"alignleft size-medium wp-image-8382\" alt=\"raul-carrion\" src=\"http:\/\/www.ecuadoraldia.com.ec\/wp-content\/uploads\/2015\/04\/raul-carrion-300x221.jpg\" width=\"300\" height=\"221\" srcset=\"https:\/\/www.ecuadoraldia.com.ec\/wp-content\/uploads\/2015\/04\/raul-carrion-300x221.jpg 300w, https:\/\/www.ecuadoraldia.com.ec\/wp-content\/uploads\/2015\/04\/raul-carrion.jpg 456w\" sizes=\"(max-width: 300px) 100vw, 300px\" \/><\/a>El Tribunal de la Sala Penal de la Corte Nacional de Justicia (CNJ) sentenci\u00f3 a 4 a\u00f1os de pena privativa de libertad al exministro del Deporte, Ra\u00fal C., tras ser encontrado culpable del delito de peculado.<\/p>\n<p style=\"text-align: justify;\">Esta sentencia se conoci\u00f3 la tarde de este lunes, luego de que el tribunal encontr\u00f3 responsabilidad penal en un contrato irregular a trav\u00e9s del cual se habr\u00eda adquirido implementos deportivos entre 2007 y 2008, los cuales tuvieron un sobreprecio y subdivisi\u00f3n ilegal de contratos.<\/p>\n<p style=\"text-align: justify;\">De acuerdo a informaci\u00f3n difundida por la Fiscal\u00eda General, a trav\u00e9s de su cuenta de Twitter, los jueces tambi\u00e9n encontraron culpable a Rafael M., quien se desempe\u00f1\u00f3 como director de Servicios Institucionales del Ministerio del Deporte. Su sentencia tambi\u00e9n es de 4 a\u00f1os de pena privativa de libertad.<\/p>\n<p style=\"text-align: justify;\">Adem\u00e1s se impuso una pena de 4 a\u00f1os para Elizabeth C. exdirectora de asesor\u00eda legal, y para Rosa S., quien se desempe\u00f1\u00f3 como contratista.<\/p>\n<p style=\"text-align: justify;\">En cambio, para Mario M., quien es se\u00f1alado como beneficiario del dinero del contrato, deber\u00e1 cumplir una pena privativa de libertad de 8 a\u00f1os, detall\u00f3 la Fiscal\u00eda.<\/p>\n<p style=\"text-align: justify;\">El exministro del Deporte tambi\u00e9n enfrenta otros 8 proceso legales (fuera de 4 casos que fueron acumulados y sentenciados) sobre las irregularidades en la construcci\u00f3n de los complejos deportivos.<\/p>\n<p>La Fiscal\u00eda detall\u00f3 en informes anteriores que de los 8 procesos que son investigados, 6 se encuentran con dictamen acusatorio, mientras que los 2 restantes est\u00e1n convocados para la etapa de juicio.<\/p>\n<p style=\"text-align: justify;\">El proceso en el que Carri\u00f3n y Patricio S\u00e1nchez recibieron una condena de tres meses de prisi\u00f3n; mientras Fernando Moreno, conocido como \u201ccomecheques\u201d, un a\u00f1o, seg\u00fan el fiscal general, Galo Chiriboga, es un caso especial porque en \u00e9l se acumularon tres informes de Contralor\u00eda con indicios de responsabilidad penal. Por tanto, dijo: \u201cLos otros casos no necesariamente son por este delito (peculado). Hay otros hechos que en cada caso los presentaremos\u201d.<\/p>\n<p style=\"text-align: justify;\">Seg\u00fan Erwin Blum, abogado del ex ministro, existen indagaciones con las cuales no fueron notificados y por eso \u201cno sabemos cu\u00e1ntos procesos queden abiertos contra Carri\u00f3n\u201d. Desde el 2009 Carri\u00f3n enfrentaba once procesos, que incluyen un presunto enriquecimiento il\u00edcito por m\u00e1s de 1,5 millones de d\u00f3lares, aunque en el \u00faltimo, por lavado de activos, fue sobrese\u00eddo.<\/p>\n<p style=\"text-align: justify;\">De esos 11, seis pasaron a instrucci\u00f3n y, seg\u00fan registros de la Fiscal\u00eda, cinco permanecen en indagaci\u00f3n previa. La mayor parte de las irregularidades se habr\u00edan cometido durante la construcci\u00f3n de obras para los Juegos Nacionales 2008. En el caso de presunto lavado de activos, la Fiscal\u00eda pidi\u00f3 la prisi\u00f3n preventiva de Carri\u00f3n el 7 de enero del 2009. No obstante, el 28 de abril sali\u00f3 libre tras decisi\u00f3n del entonces juez de la Segunda Sala de CNJ, Hern\u00e1n Ulloa.\u00a0\u00a0(El TEL\u00c9GRAFO y ecuadoraldia.com.ec)<\/p>\n","protected":false},"excerpt":{"rendered":"<p>El Tribunal de la Sala Penal de la Corte Nacional de Justicia (CNJ) sentenci\u00f3 a 4 a\u00f1os de pena privativa<\/p>\n","protected":false},"author":1,"featured_media":0,"comment_status":"open","ping_status":"open","sticky":false,"template":"","format":"standard","meta":{"footnotes":""},"categories":[5],"tags":[],"_links":{"self":[{"href":"https:\/\/www.ecuadoraldia.com.ec\/index.php?rest_route=\/wp\/v2\/posts\/8381"}],"collection":[{"href":"https:\/\/www.ecuadoraldia.com.ec\/index.php?rest_route=\/wp\/v2\/posts"}],"about":[{"href":"https:\/\/www.ecuadoraldia.com.ec\/index.php?rest_route=\/wp\/v2\/types\/post"}],"author":[{"embeddable":true,"href":"https:\/\/www.ecuadoraldia.com.ec\/index.php?rest_route=\/wp\/v2\/users\/1"}],"replies":[{"embeddable":true,"href":"https:\/\/www.ecuadoraldia.com.ec\/index.php?rest_route=%2Fwp%2Fv2%2Fcomments&post=8381"}],"version-history":[{"count":2,"href":"https:\/\/www.ecuadoraldia.com.ec\/index.php?rest_route=\/wp\/v2\/posts\/8381\/revisions"}],"predecessor-version":[{"id":8384,"href":"https:\/\/www.ecuadoraldia.com.ec\/index.php?rest_route=\/wp\/v2\/posts\/8381\/revisions\/8384"}],"wp:attachment":[{"href":"https:\/\/www.ecuadoraldia.com.ec\/index.php?rest_route=%2Fwp%2Fv2%2Fmedia&parent=8381"}],"wp:term":[{"taxonomy":"category","embeddable":true,"href":"https:\/\/www.ecuadoraldia.com.ec\/index.php?rest_route=%2Fwp%2Fv2%2Fcategories&post=8381"},{"taxonomy":"post_tag","embeddable":true,"href":"https:\/\/www.ecuadoraldia.com.ec\/index.php?rest_route=%2Fwp%2Fv2%2Ftags&post=8381"}],"curies":[{"name":"wp","href":"https:\/\/api.w.org\/{rel}","templated":true}]}}