{"id":8385,"date":"2015-04-28T00:33:26","date_gmt":"2015-04-28T00:33:26","guid":{"rendered":"http:\/\/www.ecuadoraldia.com.ec\/?p=8385"},"modified":"2015-04-28T00:33:26","modified_gmt":"2015-04-28T00:33:26","slug":"pais-y-frente-unidos-marcha-del-1-de-mayo","status":"publish","type":"post","link":"https:\/\/www.ecuadoraldia.com.ec\/?p=8385","title":{"rendered":"PAIS y Frente Unidos marcha del 1 de mayo"},"content":{"rendered":"<p style=\"text-align: justify;\"><a href=\"http:\/\/www.ecuadoraldia.com.ec\/wp-content\/uploads\/2015\/04\/pais1.jpg\"><img loading=\"lazy\" decoding=\"async\" class=\"alignleft size-medium wp-image-8386\" alt=\"pais1\" src=\"http:\/\/www.ecuadoraldia.com.ec\/wp-content\/uploads\/2015\/04\/pais1-300x200.jpg\" width=\"300\" height=\"200\" srcset=\"https:\/\/www.ecuadoraldia.com.ec\/wp-content\/uploads\/2015\/04\/pais1-300x200.jpg 300w, https:\/\/www.ecuadoraldia.com.ec\/wp-content\/uploads\/2015\/04\/pais1.jpg 450w\" sizes=\"(max-width: 300px) 100vw, 300px\" \/><\/a>Como una \u00abmarcha de la alegr\u00eda\u00bb definen el movimiento PAIS, el Frente Unidos y la Central Unitaria de Trabajadores (CUT) a la movilizaci\u00f3n nacional de 1 de mayo, que culminar\u00e1 en Quito, en la plaza de Santo Domingo (Centro Hist\u00f3rico de la capital). En Cuenca, tambi\u00e9n, habr\u00e1 un encuentro en la plaza del mismo nombre.<\/p>\n<p style=\"text-align: justify;\">Sin embargo, en la capital la marcha partir\u00e1 desde la avenida Rodrigo de Ch\u00e1vez (sur de Quito). Esta previsto que al mediod\u00eda participe el presidente Rafael Correa, l\u00edder de la organizaci\u00f3n pol\u00edtica.<\/p>\n<p style=\"text-align: justify;\">Doris Soliz, secretaria de PAIS, dijo que esperan reunir a m\u00e1s de 40.000 personas. Para Soliz ser\u00e1 el momento para respaldar las conquistas sociales como el incremento salarial, pues la Secretaria de la organizaci\u00f3n record\u00f3 que antes del gobierno de la Revoluci\u00f3n Ciudadana, los trabajadores percib\u00edan un salario de $170 y $80 las trabajadoras dom\u00e9sticas, ahora el salario es de $354.<\/p>\n<p style=\"text-align: justify;\">Soliz record\u00f3 que ahora en el pa\u00eds hay las tasas m\u00e1s bajas de desempleo, se elimin\u00f3 la tercerizaci\u00f3n y con la Ley de Justicia Laboral se incorpor\u00f3 a 1&#8242; 200.000 amas de casa a la seguridad social.<\/p>\n<p style=\"text-align: justify;\">\u00abTiene que ser un d\u00eda de fiesta\u00bb, reiter\u00f3 la Secretaria de la organizaci\u00f3n, para quien las marchas que organiza la oposici\u00f3n congregan \u00abel agua con el aceite\u00bb. Por ello rechaz\u00f3 los intentos desestabilizadores que en la anterior semana llegaron acompa\u00f1ados de rumores como de un posible feriado bancario.<\/p>\n<p style=\"text-align: justify;\">Soliz agreg\u00f3 que \u00abno hay nada m\u00e1s falso\u00bb que los rumores sobre un feriado bancario en el Ecuador y que con aquello se busca \u00abcrear temor, incertidumbre (..) es el gui\u00f3n de siempre de ciertos sectores que buscan luchar contra los gobiernos progresistas, pero no podr\u00e1n con la consciencia, buena informaci\u00f3n con que ahora cuenta la gente\u00bb.<\/p>\n<p style=\"text-align: justify;\">Tambi\u00e9n se refiri\u00f3 a las pensiones del IESS y agreg\u00f3 que no se afectar\u00e1 a la instituci\u00f3n de la seguridad social, sino que se est\u00e1 realizando una reestructuraci\u00f3n del sistema. (EL TEL\u00c9GRAFO)<\/p>\n","protected":false},"excerpt":{"rendered":"<p>Como una \u00abmarcha de la alegr\u00eda\u00bb definen el movimiento PAIS, el Frente Unidos y la Central Unitaria de Trabajadores (CUT)<\/p>\n","protected":false},"author":1,"featured_media":0,"comment_status":"open","ping_status":"open","sticky":false,"template":"","format":"standard","meta":{"footnotes":""},"categories":[3],"tags":[],"_links":{"self":[{"href":"https:\/\/www.ecuadoraldia.com.ec\/index.php?rest_route=\/wp\/v2\/posts\/8385"}],"collection":[{"href":"https:\/\/www.ecuadoraldia.com.ec\/index.php?rest_route=\/wp\/v2\/posts"}],"about":[{"href":"https:\/\/www.ecuadoraldia.com.ec\/index.php?rest_route=\/wp\/v2\/types\/post"}],"author":[{"embeddable":true,"href":"https:\/\/www.ecuadoraldia.com.ec\/index.php?rest_route=\/wp\/v2\/users\/1"}],"replies":[{"embeddable":true,"href":"https:\/\/www.ecuadoraldia.com.ec\/index.php?rest_route=%2Fwp%2Fv2%2Fcomments&post=8385"}],"version-history":[{"count":2,"href":"https:\/\/www.ecuadoraldia.com.ec\/index.php?rest_route=\/wp\/v2\/posts\/8385\/revisions"}],"predecessor-version":[{"id":8388,"href":"https:\/\/www.ecuadoraldia.com.ec\/index.php?rest_route=\/wp\/v2\/posts\/8385\/revisions\/8388"}],"wp:attachment":[{"href":"https:\/\/www.ecuadoraldia.com.ec\/index.php?rest_route=%2Fwp%2Fv2%2Fmedia&parent=8385"}],"wp:term":[{"taxonomy":"category","embeddable":true,"href":"https:\/\/www.ecuadoraldia.com.ec\/index.php?rest_route=%2Fwp%2Fv2%2Fcategories&post=8385"},{"taxonomy":"post_tag","embeddable":true,"href":"https:\/\/www.ecuadoraldia.com.ec\/index.php?rest_route=%2Fwp%2Fv2%2Ftags&post=8385"}],"curies":[{"name":"wp","href":"https:\/\/api.w.org\/{rel}","templated":true}]}}