{"id":8397,"date":"2015-04-28T00:54:17","date_gmt":"2015-04-28T00:54:17","guid":{"rendered":"http:\/\/www.ecuadoraldia.com.ec\/?p=8397"},"modified":"2015-04-28T00:54:17","modified_gmt":"2015-04-28T00:54:17","slug":"correa-llega-a-roma-para-reunion-con-el-papa-y-conferencia","status":"publish","type":"post","link":"https:\/\/www.ecuadoraldia.com.ec\/?p=8397","title":{"rendered":"Correa llega a Roma para reuni\u00f3n con el Papa y conferencia"},"content":{"rendered":"<p style=\"text-align: justify;\"><a href=\"http:\/\/www.ecuadoraldia.com.ec\/wp-content\/uploads\/2015\/04\/CORREA_ROMA_.jpg\"><img loading=\"lazy\" decoding=\"async\" class=\"alignleft size-medium wp-image-8398\" alt=\"CORREA_ROMA_\" src=\"http:\/\/www.ecuadoraldia.com.ec\/wp-content\/uploads\/2015\/04\/CORREA_ROMA_-300x178.jpg\" width=\"300\" height=\"178\" srcset=\"https:\/\/www.ecuadoraldia.com.ec\/wp-content\/uploads\/2015\/04\/CORREA_ROMA_-300x178.jpg 300w, https:\/\/www.ecuadoraldia.com.ec\/wp-content\/uploads\/2015\/04\/CORREA_ROMA_.jpg 450w\" sizes=\"(max-width: 300px) 100vw, 300px\" \/><\/a>El presidente de la Rep\u00fablica, Rafael Correa, arrib\u00f3 este lunes a la capital italiana, para cumplir una agenda de actividades en el Vaticano, que incluye una reuni\u00f3n con el papa Francisco y una ponencia acerca de los aportes sobre cambio clim\u00e1tico de Ecuador.<\/p>\n<p style=\"text-align: justify;\">A su llegada al aeropuerto Ciampino de Roma, el Mandatario fue recibido por monse\u00f1or Canalini, nuncio apost\u00f3lico de la Secretar\u00eda de Estado del Vaticano, y el canciller ecuatoriano Ricardo Pati\u00f1o.<\/p>\n<p style=\"text-align: justify;\">Correa es el \u00fanico Jefe de Estado invitado por la Santa Sede para participar en una conferencia en la que disertar\u00e1 sobre justicia clim\u00e1tica y desarrollo sostenible.<\/p>\n<p style=\"text-align: justify;\">El gobernante ecuatoriano dictar\u00e1 el martes una ponencia en la Conferencia de Alto Nivel Proteger la Tierra y Dignificar al Ser Humano, organizada por la Red de Soluciones para el Desarrollo Sostenible de Naciones Unidas.<\/p>\n<p style=\"text-align: justify;\">Tras la conferencia, el Presidente acudir\u00e1 a una audiencia privada con el Sumo Pont\u00edfice en la que se tratar\u00e1n detalles de su visita al Ecuador prevista para el 6, 7 y 8 de julio a Quito y Guayaquil, concretamente.<\/p>\n<p style=\"text-align: justify;\">Correa tambi\u00e9n mantendr\u00e1 un encuentro con migrantes ecuatorianos a los que la justicia italiana les retir\u00f3 la custodia de sus hijos.<\/p>\n<p style=\"text-align: justify;\">El s\u00e1bado, el Mandatario record\u00f3 que 11 familias ecuatorianas ya han recuperado la patria potestad, gracias al trabajo de la Canciller\u00eda.<\/p>\n<p style=\"text-align: justify;\">En el \u00faltimo a\u00f1o, 98 familias ecuatorianas en Italia denunciaron que perdieron la custodia de sus hijos por una estricta ley de protecci\u00f3n del menor, inform\u00f3 en febrero el canciller Ricardo Pati\u00f1o.<\/p>\n","protected":false},"excerpt":{"rendered":"<p>El presidente de la Rep\u00fablica, Rafael Correa, arrib\u00f3 este lunes a la capital italiana, para cumplir una agenda de actividades<\/p>\n","protected":false},"author":1,"featured_media":0,"comment_status":"open","ping_status":"open","sticky":false,"template":"","format":"standard","meta":{"footnotes":""},"categories":[1],"tags":[],"_links":{"self":[{"href":"https:\/\/www.ecuadoraldia.com.ec\/index.php?rest_route=\/wp\/v2\/posts\/8397"}],"collection":[{"href":"https:\/\/www.ecuadoraldia.com.ec\/index.php?rest_route=\/wp\/v2\/posts"}],"about":[{"href":"https:\/\/www.ecuadoraldia.com.ec\/index.php?rest_route=\/wp\/v2\/types\/post"}],"author":[{"embeddable":true,"href":"https:\/\/www.ecuadoraldia.com.ec\/index.php?rest_route=\/wp\/v2\/users\/1"}],"replies":[{"embeddable":true,"href":"https:\/\/www.ecuadoraldia.com.ec\/index.php?rest_route=%2Fwp%2Fv2%2Fcomments&post=8397"}],"version-history":[{"count":1,"href":"https:\/\/www.ecuadoraldia.com.ec\/index.php?rest_route=\/wp\/v2\/posts\/8397\/revisions"}],"predecessor-version":[{"id":8399,"href":"https:\/\/www.ecuadoraldia.com.ec\/index.php?rest_route=\/wp\/v2\/posts\/8397\/revisions\/8399"}],"wp:attachment":[{"href":"https:\/\/www.ecuadoraldia.com.ec\/index.php?rest_route=%2Fwp%2Fv2%2Fmedia&parent=8397"}],"wp:term":[{"taxonomy":"category","embeddable":true,"href":"https:\/\/www.ecuadoraldia.com.ec\/index.php?rest_route=%2Fwp%2Fv2%2Fcategories&post=8397"},{"taxonomy":"post_tag","embeddable":true,"href":"https:\/\/www.ecuadoraldia.com.ec\/index.php?rest_route=%2Fwp%2Fv2%2Ftags&post=8397"}],"curies":[{"name":"wp","href":"https:\/\/api.w.org\/{rel}","templated":true}]}}