{"id":8412,"date":"2015-04-28T01:05:04","date_gmt":"2015-04-28T01:05:04","guid":{"rendered":"http:\/\/www.ecuadoraldia.com.ec\/?p=8412"},"modified":"2015-04-28T01:05:04","modified_gmt":"2015-04-28T01:05:04","slug":"eeuu-incidentes-tras-el-funeral-de-un-joven-negro-muerto-a-manos-de-la-policia-en-baltimore","status":"publish","type":"post","link":"https:\/\/www.ecuadoraldia.com.ec\/?p=8412","title":{"rendered":"EEUU: incidentes tras el funeral de un joven negro muerto a manos de la polic\u00eda en Baltimore"},"content":{"rendered":"<p style=\"text-align: justify;\"><a href=\"http:\/\/www.ecuadoraldia.com.ec\/wp-content\/uploads\/2015\/04\/incidente-eu.jpg\"><img loading=\"lazy\" decoding=\"async\" class=\"alignleft size-full wp-image-8413\" alt=\"incidente eu\" src=\"http:\/\/www.ecuadoraldia.com.ec\/wp-content\/uploads\/2015\/04\/incidente-eu.jpg\" width=\"285\" height=\"160\" \/><\/a>Cr\u00e9dito: AP. Al menos siete polic\u00edas heridos, uno de ellos inconsciente, dejaban este lunes los enfrentamientos desatados en Baltimore tras el funeral de un joven negro muerto tras ser arrestado por la polic\u00eda local, inform\u00f3 el capit\u00e1n Eric Kowalczyk.<\/p>\n<p style=\"text-align: justify;\">Im\u00e1genes tomadas por los helic\u00f3pteros de las cadenas de TV mostraron una multitud lanzando conos de seguridad, botellas y botes de basura contra polic\u00edas, antes de romper escaparates de tiendas y saquearlos.<\/p>\n<p style=\"text-align: justify;\">M\u00e1s de un millar de personas exigieron que se esclarezcan las circunstancias de la muerte del joven y que cese la violencia continua de los cuerpos policiales contra la poblaci\u00f3n negra.<\/p>\n<p style=\"text-align: justify;\">Las autoridades han iniciado varias pesquisas para determinar c\u00f3mo se produjeron las heridas de Freddie Gray; entre las cuales hay una investigaci\u00f3n del Departamento de Justicia.<\/p>\n<p style=\"text-align: justify;\">La Polic\u00eda de Baltimore acept\u00f3 el viernes que el joven tendr\u00eda que haber recibido asistencia m\u00e9dica enseguida de su arresto. Cuando falleci\u00f3, su columna vertebral estaba seccionada a la altura de las cervicales, seg\u00fan abogados de la familia.<\/p>\n<p style=\"text-align: justify;\">Videos de la detenci\u00f3n de Gray, grabados por transe\u00fantes, muestran c\u00f3mo la polic\u00eda puso de forma violenta contra el piso al joven, que gritaba de dolor, antes de subirlo a un furg\u00f3n policial y llev\u00e1rselo.<\/p>\n<p style=\"text-align: justify;\">Los responsables policiales tambi\u00e9n reconocieron que el cintur\u00f3n de seguridad del joven no estaba abrochado dentro del cami\u00f3n, que hizo tres paradas inexplicadas durante su camino hacia el puesto de polic\u00eda.<\/p>\n<p style=\"text-align: justify;\">A la espera de que la Polic\u00eda entregue los resultados de su investigaci\u00f3n el 1 de mayo, seis polic\u00edas fueron suspendidos por estos hechos.<\/p>\n<p style=\"text-align: justify;\">La de Freddie Gray es la \u00faltima de una serie de muertes de afroestadounidenses desarmados, en su mayor\u00eda a manos de polic\u00edas blancos, que han provocado una ola de protestas en el pa\u00eds por acusaciones de racismo y han reavivado el debate sobre el uso excesivo de la fuerza policial.(Infobae)<\/p>\n<p>&nbsp;<\/p>\n<p>&nbsp;<\/p>\n","protected":false},"excerpt":{"rendered":"<p>Cr\u00e9dito: AP. Al menos siete polic\u00edas heridos, uno de ellos inconsciente, dejaban este lunes los enfrentamientos desatados en Baltimore tras<\/p>\n","protected":false},"author":1,"featured_media":0,"comment_status":"open","ping_status":"open","sticky":false,"template":"","format":"standard","meta":{"footnotes":""},"categories":[7],"tags":[],"_links":{"self":[{"href":"https:\/\/www.ecuadoraldia.com.ec\/index.php?rest_route=\/wp\/v2\/posts\/8412"}],"collection":[{"href":"https:\/\/www.ecuadoraldia.com.ec\/index.php?rest_route=\/wp\/v2\/posts"}],"about":[{"href":"https:\/\/www.ecuadoraldia.com.ec\/index.php?rest_route=\/wp\/v2\/types\/post"}],"author":[{"embeddable":true,"href":"https:\/\/www.ecuadoraldia.com.ec\/index.php?rest_route=\/wp\/v2\/users\/1"}],"replies":[{"embeddable":true,"href":"https:\/\/www.ecuadoraldia.com.ec\/index.php?rest_route=%2Fwp%2Fv2%2Fcomments&post=8412"}],"version-history":[{"count":2,"href":"https:\/\/www.ecuadoraldia.com.ec\/index.php?rest_route=\/wp\/v2\/posts\/8412\/revisions"}],"predecessor-version":[{"id":8415,"href":"https:\/\/www.ecuadoraldia.com.ec\/index.php?rest_route=\/wp\/v2\/posts\/8412\/revisions\/8415"}],"wp:attachment":[{"href":"https:\/\/www.ecuadoraldia.com.ec\/index.php?rest_route=%2Fwp%2Fv2%2Fmedia&parent=8412"}],"wp:term":[{"taxonomy":"category","embeddable":true,"href":"https:\/\/www.ecuadoraldia.com.ec\/index.php?rest_route=%2Fwp%2Fv2%2Fcategories&post=8412"},{"taxonomy":"post_tag","embeddable":true,"href":"https:\/\/www.ecuadoraldia.com.ec\/index.php?rest_route=%2Fwp%2Fv2%2Ftags&post=8412"}],"curies":[{"name":"wp","href":"https:\/\/api.w.org\/{rel}","templated":true}]}}