{"id":8420,"date":"2015-04-28T12:19:29","date_gmt":"2015-04-28T12:19:29","guid":{"rendered":"http:\/\/www.ecuadoraldia.com.ec\/?p=8420"},"modified":"2015-04-28T12:19:29","modified_gmt":"2015-04-28T12:19:29","slug":"sismo-de-5-8-grados-sacudio-guayaquil","status":"publish","type":"post","link":"https:\/\/www.ecuadoraldia.com.ec\/?p=8420","title":{"rendered":"Sismo de 5.8 grados sacudi\u00f3 Guayaquil"},"content":{"rendered":"<p><a href=\"http:\/\/www.ecuadoraldia.com.ec\/wp-content\/uploads\/2015\/04\/mapa-sismo.png\"><img loading=\"lazy\" decoding=\"async\" class=\"alignleft size-medium wp-image-8421\" alt=\"mapa sismo\" src=\"http:\/\/www.ecuadoraldia.com.ec\/wp-content\/uploads\/2015\/04\/mapa-sismo-300x300.png\" width=\"300\" height=\"300\" srcset=\"https:\/\/www.ecuadoraldia.com.ec\/wp-content\/uploads\/2015\/04\/mapa-sismo-300x300.png 300w, https:\/\/www.ecuadoraldia.com.ec\/wp-content\/uploads\/2015\/04\/mapa-sismo-150x150.png 150w, https:\/\/www.ecuadoraldia.com.ec\/wp-content\/uploads\/2015\/04\/mapa-sismo.png 512w\" sizes=\"(max-width: 300px) 100vw, 300px\" \/><\/a>Un movimiento tel\u00farico de grado5.8 en la escala de Richter se sinti\u00f3 hoy a las 6h19 minutos en la provincia costera de guayas, en la Costa ecuatoriana, seg\u00fan inform\u00f3 en su cuenta de Twitter, el instituto geof\u00edsico de la escuela polit\u00e9cnica nacional. El temblor se sinti\u00f3 en provincias y ciudades aleda\u00f1as.<\/p>\n<p>A trav\u00e9s de las redes sociales, la ciudadan\u00eda inform\u00f3 desde sus localidades que el sismo se sinti\u00f3 con mayor o menor intensidad, seg\u00fan la distancia. En Bah\u00eda de Car\u00e1quez,(Manab\u00ed) Bol\u00edvar, Cotopaxi, Los R\u00edos, entre otras localidades fue sentido movimiento por la poblaci\u00f3n.<\/p>\n<p>El Instituto Geof\u00edsico, no ha reportado novedades al momento.<\/p>\n<p>#SISMO Revisado 2015\/04\/28-06:19:52 TL Magnitud:5.8<\/p>\n<p>Prof 70.98 km Near Coast of Ecuador Latitud:-2.14 Longitud:-79.86<\/p>\n<p>Sintio este sismo? Reportelo! en http:\/\/bit.ly\/1PRrvol<\/p>\n<p>Me gusta \u00b7 Comen<\/p>\n","protected":false},"excerpt":{"rendered":"<p>Un movimiento tel\u00farico de grado5.8 en la escala de Richter se sinti\u00f3 hoy a las 6h19 minutos en la provincia<\/p>\n","protected":false},"author":1,"featured_media":0,"comment_status":"open","ping_status":"open","sticky":false,"template":"","format":"standard","meta":{"footnotes":""},"categories":[1],"tags":[],"_links":{"self":[{"href":"https:\/\/www.ecuadoraldia.com.ec\/index.php?rest_route=\/wp\/v2\/posts\/8420"}],"collection":[{"href":"https:\/\/www.ecuadoraldia.com.ec\/index.php?rest_route=\/wp\/v2\/posts"}],"about":[{"href":"https:\/\/www.ecuadoraldia.com.ec\/index.php?rest_route=\/wp\/v2\/types\/post"}],"author":[{"embeddable":true,"href":"https:\/\/www.ecuadoraldia.com.ec\/index.php?rest_route=\/wp\/v2\/users\/1"}],"replies":[{"embeddable":true,"href":"https:\/\/www.ecuadoraldia.com.ec\/index.php?rest_route=%2Fwp%2Fv2%2Fcomments&post=8420"}],"version-history":[{"count":2,"href":"https:\/\/www.ecuadoraldia.com.ec\/index.php?rest_route=\/wp\/v2\/posts\/8420\/revisions"}],"predecessor-version":[{"id":8423,"href":"https:\/\/www.ecuadoraldia.com.ec\/index.php?rest_route=\/wp\/v2\/posts\/8420\/revisions\/8423"}],"wp:attachment":[{"href":"https:\/\/www.ecuadoraldia.com.ec\/index.php?rest_route=%2Fwp%2Fv2%2Fmedia&parent=8420"}],"wp:term":[{"taxonomy":"category","embeddable":true,"href":"https:\/\/www.ecuadoraldia.com.ec\/index.php?rest_route=%2Fwp%2Fv2%2Fcategories&post=8420"},{"taxonomy":"post_tag","embeddable":true,"href":"https:\/\/www.ecuadoraldia.com.ec\/index.php?rest_route=%2Fwp%2Fv2%2Ftags&post=8420"}],"curies":[{"name":"wp","href":"https:\/\/api.w.org\/{rel}","templated":true}]}}