{"id":8424,"date":"2015-04-28T12:29:45","date_gmt":"2015-04-28T12:29:45","guid":{"rendered":"http:\/\/www.ecuadoraldia.com.ec\/?p=8424"},"modified":"2015-04-28T12:29:45","modified_gmt":"2015-04-28T12:29:45","slug":"confirman-la-muerte-de-4-352-personas-en-terremoto-de-nepal","status":"publish","type":"post","link":"https:\/\/www.ecuadoraldia.com.ec\/?p=8424","title":{"rendered":"Confirman la muerte de 4.352 personas en terremoto de Nepal"},"content":{"rendered":"<p style=\"text-align: justify;\"><a href=\"http:\/\/www.ecuadoraldia.com.ec\/wp-content\/uploads\/2015\/04\/nepal.jpg\"><img loading=\"lazy\" decoding=\"async\" class=\"alignleft size-medium wp-image-8425\" alt=\"nepal\" src=\"http:\/\/www.ecuadoraldia.com.ec\/wp-content\/uploads\/2015\/04\/nepal-300x171.jpg\" width=\"300\" height=\"171\" srcset=\"https:\/\/www.ecuadoraldia.com.ec\/wp-content\/uploads\/2015\/04\/nepal-300x171.jpg 300w, https:\/\/www.ecuadoraldia.com.ec\/wp-content\/uploads\/2015\/04\/nepal.jpg 350w\" sizes=\"(max-width: 300px) 100vw, 300px\" \/><\/a>Equipos de emergencias, rescatistas y voluntarios recuperaron al menos 4.352 cuerpos tras el potente terremoto del s\u00e1bado que arras\u00f3 Nepal y afect\u00f3 especialmente a su capital, Katmand\u00fa, dijo el martes (lunes en Ecuador) un funcionario de la polic\u00eda.<\/p>\n<p style=\"text-align: justify;\">El subinspector general de la polic\u00eda, Komal Singh Bam, dijo que la cifra de v\u00edctimas confirmadas incluye los 1.176 cad\u00e1veres recuperados en el distrito Sindhupalchuk, al noreste de la capital.<\/p>\n<p style=\"text-align: justify;\">Adem\u00e1s, 8.063 personas resultaron heridas en el sismo de magnitud 7,8, agreg\u00f3.<\/p>\n<p style=\"text-align: justify;\">Otras 18 personas fallecieron tambi\u00e9n en una avalancha provocada por el temblor que arras\u00f3 parte del campamento base del monte Everest. En la vecina India 61 personas perdieron la vida y la agencia de noticias oficial de China, Xinhua, report\u00f3 25 muertes en T\u00edbet.<\/p>\n<p style=\"text-align: justify;\">Lea tambi\u00e9n: El terremoto de magnitud 7,8 sembr\u00f3 el terror en Katmand\u00fa<\/p>\n<p style=\"text-align: justify;\">Nepal registr\u00f3 medio centenar de r\u00e9plicas desde el s\u00e1bado, la de mayor intensidad el domingo con un temblor de 6,7 grados en la escala de Richter, seg\u00fan el Servicio Geol\u00f3gico de Estados Unidos (USGS).<\/p>\n<p style=\"text-align: justify;\">Dos d\u00edas despu\u00e9s del peor sismo que ha azotado el pa\u00eds asi\u00e1tico en casi un siglo, miles de personas permanecen en las calles de Katmand\u00fa, convertidas en hogares temporales para los que han perdido sus casas o para quienes tienen miedo de regresar a ellas a causa de las r\u00e9plicas del terremoto.<\/p>\n<p style=\"text-align: justify;\">El Gobierno nepal\u00ed ha habilitado 15 refugios para la poblaci\u00f3n y ha solicitado ayuda internacional de todo tipo para poder atender a las necesidades de la poblaci\u00f3n y afrontar las tareas de rescate.<\/p>\n<p style=\"text-align: justify;\">Lea tambi\u00e9n: \u00abLa tierra tiembla\u00bb: Sobrevivientes de la avalancha en el Everest relatan lo ocurrido<\/p>\n<p style=\"text-align: justify;\">Varios pa\u00edses han enviado ya su asistencia y la comunidad internacional se moviliza para hacer llegar toneladas de suministros y ayuda a la naci\u00f3n asi\u00e1tica.<\/p>\n<p style=\"text-align: justify;\">Este es el terremoto de mayor intensidad en casi 80 a\u00f1os en el pa\u00eds del Himalaya y el peor que ha vivido la regi\u00f3n en una d\u00e9cada, desde que en 2005 un sismo caus\u00f3 una tragedia de grandes proporciones en Cachemira, entre India y Pakist\u00e1n, con m\u00e1s de 84.000 muertos.(Agencias)<\/p>\n","protected":false},"excerpt":{"rendered":"<p>Equipos de emergencias, rescatistas y voluntarios recuperaron al menos 4.352 cuerpos tras el potente terremoto del s\u00e1bado que arras\u00f3 Nepal<\/p>\n","protected":false},"author":1,"featured_media":0,"comment_status":"open","ping_status":"open","sticky":false,"template":"","format":"standard","meta":{"footnotes":""},"categories":[7],"tags":[],"_links":{"self":[{"href":"https:\/\/www.ecuadoraldia.com.ec\/index.php?rest_route=\/wp\/v2\/posts\/8424"}],"collection":[{"href":"https:\/\/www.ecuadoraldia.com.ec\/index.php?rest_route=\/wp\/v2\/posts"}],"about":[{"href":"https:\/\/www.ecuadoraldia.com.ec\/index.php?rest_route=\/wp\/v2\/types\/post"}],"author":[{"embeddable":true,"href":"https:\/\/www.ecuadoraldia.com.ec\/index.php?rest_route=\/wp\/v2\/users\/1"}],"replies":[{"embeddable":true,"href":"https:\/\/www.ecuadoraldia.com.ec\/index.php?rest_route=%2Fwp%2Fv2%2Fcomments&post=8424"}],"version-history":[{"count":2,"href":"https:\/\/www.ecuadoraldia.com.ec\/index.php?rest_route=\/wp\/v2\/posts\/8424\/revisions"}],"predecessor-version":[{"id":8427,"href":"https:\/\/www.ecuadoraldia.com.ec\/index.php?rest_route=\/wp\/v2\/posts\/8424\/revisions\/8427"}],"wp:attachment":[{"href":"https:\/\/www.ecuadoraldia.com.ec\/index.php?rest_route=%2Fwp%2Fv2%2Fmedia&parent=8424"}],"wp:term":[{"taxonomy":"category","embeddable":true,"href":"https:\/\/www.ecuadoraldia.com.ec\/index.php?rest_route=%2Fwp%2Fv2%2Fcategories&post=8424"},{"taxonomy":"post_tag","embeddable":true,"href":"https:\/\/www.ecuadoraldia.com.ec\/index.php?rest_route=%2Fwp%2Fv2%2Ftags&post=8424"}],"curies":[{"name":"wp","href":"https:\/\/api.w.org\/{rel}","templated":true}]}}