{"id":843,"date":"2013-11-05T16:27:48","date_gmt":"2013-11-05T16:27:48","guid":{"rendered":"http:\/\/www.ecuadoraldia.com.ec\/?p=843"},"modified":"2013-11-05T16:27:48","modified_gmt":"2013-11-05T16:27:48","slug":"la-depuracion-continua-en-las-filas-policiales","status":"publish","type":"post","link":"https:\/\/www.ecuadoraldia.com.ec\/?p=843","title":{"rendered":"La depuraci\u00f3n continua en las filas policiales"},"content":{"rendered":"<figure id=\"attachment_844\" aria-describedby=\"caption-attachment-844\" style=\"width: 300px\" class=\"wp-caption alignleft\"><a href=\"http:\/\/www.ecuadoraldia.com.ec\/wp-content\/uploads\/2013\/11\/depuracion-policial.jpg\"><img loading=\"lazy\" decoding=\"async\" class=\"size-medium wp-image-844\" alt=\"250 policias m\u00e1s en la lista para su separaci\u00f3n\" src=\"http:\/\/www.ecuadoraldia.com.ec\/wp-content\/uploads\/2013\/11\/depuracion-policial-300x213.jpg\" width=\"300\" height=\"213\" srcset=\"https:\/\/www.ecuadoraldia.com.ec\/wp-content\/uploads\/2013\/11\/depuracion-policial-300x213.jpg 300w, https:\/\/www.ecuadoraldia.com.ec\/wp-content\/uploads\/2013\/11\/depuracion-policial.jpg 466w\" sizes=\"(max-width: 300px) 100vw, 300px\" \/><\/a><figcaption id=\"caption-attachment-844\" class=\"wp-caption-text\">250 policias m\u00e1s en la lista para su separaci\u00f3n<\/figcaption><\/figure>\n<p>Entre enero y agosto de 2013 fueron dados de baja 340 uniformados. De estos, 73 por mala conducta, 16 por sentencias condenatorias, 43 por indisciplina y 208 por diversos motivos. Antes de fin de a\u00f1o se esperan nuevas separaciones.<br \/>\nGr\u00e1fica de archivo de una de las \u00faltimas incorporaciones masivas de j\u00f3venes elementos a las filas de la Polic\u00eda Nacional. Nuevas graduaciones se dar\u00e1n en los pr\u00f3ximos d\u00edas. Foto: Miguel Castro | El Tel\u00e9grafo<br \/>\nGr\u00e1fica de archivo de una de las \u00faltimas incorporaciones masivas de j\u00f3venes elementos a las filas de la Polic\u00eda Nacional. Nuevas graduaciones se dar\u00e1n en los pr\u00f3ximos d\u00edas. Foto: Miguel Castro | El Tel\u00e9grafo<br \/>\nRedacci\u00f3n Justicia<\/p>\n<p>Como parte del plan de depuraci\u00f3n de la Polic\u00eda Nacional se confirm\u00f3 la salida de unos 250 uniformados que han sido investigados por la oficina de asuntos internos de la Inspector\u00eda de la instituci\u00f3n, quienes habr\u00edan cometido distintas faltas y delitos que, dada su gravedad, motivan su separaci\u00f3n inmediata, que se dar\u00e1 por acuerdo ministerial en los pr\u00f3ximos d\u00edas, aunque se analiza enviar m\u00e1s expedientes al Ministerio del Interior.<\/p>\n<p>Seg\u00fan el general Fabi\u00e1n Solano, director nacional de la Inspector\u00eda, al momento se est\u00e1 poniendo en pr\u00e1ctica una nueva estrategia que ha incluido el fortalecimiento de la Inspector\u00eda con la creaci\u00f3n del Subcentro de Confianza. \u201cEsta subdirecci\u00f3n est\u00e1 encargada de implementar 4 ejes fundamentales para la erradicaci\u00f3n de cualquier tipo de corrupci\u00f3n en la Polic\u00eda\u201d.<\/p>\n<p>Paralelo a la depuraci\u00f3n, en lo que resta del a\u00f1o se incoporar\u00e1n 3.290 nuevos polic\u00edasEl primer eje corresponde a efectuar pruebas toxicol\u00f3gicas de consumo de alcohol y drogas a todos los integrantes de la instituci\u00f3n, incluida la c\u00fapula policial que empezar\u00e1 a realizarse a partir de este mes, para lo cual personal m\u00e9dico se encargar\u00e1 de recoger las muestras para el an\u00e1lisis de laboratorio. Los resultados ser\u00e1n analizados y luego entregados a la Subdirecci\u00f3n de Confianza, que evaluar\u00e1 las conclusiones y determinar\u00e1 las sanciones, de ser el caso, dependiendo de los resultados.<\/p>\n<p>Al mismo tiempo se proceder\u00e1 con un estudio socio-econ\u00f3mico de todos los miembros, que tienen hasta diciembre para presentar su declaraci\u00f3n juramentada de bienes patrimoniales, con lo cual se pretende monitorear mejor el accionar de los polic\u00edas.<\/p>\n<p>Adem\u00e1s, se realizar\u00e1n ex\u00e1menes psicol\u00f3gicos a todo el personal en base a protocolos, perfiles y an\u00e1lisis de conducta para definir tambi\u00e9n si \u00e9stos est\u00e1n preparados para asumir las funciones a las que est\u00e1n destinados.<\/p>\n<p>De la misma manera ser\u00e1n sometidos al pol\u00edgrafo, especialmente a los escogidos para integrar las unidades \u00e9lite de la instituci\u00f3n.<\/p>\n<p>\u201cTodos los funcionarios que trabajan en la Inspector\u00eda nos hemos sometido al pol\u00edgrafo, ex\u00e1menes psicol\u00f3gicos y toxicol\u00f3gicos y se ha entregado la declaraci\u00f3n de bienes. Este plan integral iniciar\u00e1 a prop\u00f3sito de la inauguraci\u00f3n del nuevo edificio de la Direcci\u00f3n y ser\u00e1 realizado a los 42 mil miembros de la instituci\u00f3n, incluidos los generales\u201d, se\u00f1al\u00f3 Solano, para lo cual se contar\u00e1 con todos los elementos tecnol\u00f3gicos que necesitan los 350 investigadores encargados de vigilar y tramitar las denuncias de la ciudadan\u00eda sobre los malos elementos, adem\u00e1s de que procesan las indagaciones que internamente se sigue a los gendarmes por parte de los jefes de las unidades que reportan toda falta a la Inspector\u00eda.<\/p>\n<p>La implementaci\u00f3n de este programa tomar\u00e1 un tiempo de trabajo, \u201cen cada zona y subzona se habilitar\u00e1 una oficina de asuntos internos, de modo que se cubra a todo el pa\u00eds y de esta manera, con las 24 oficinas de Inspector\u00eda a nivel nacional, seguiremos monitoreando los malos comportamientos de la estructura policial, de modo que hayan las sanciones correspondientes\u201d, asegur\u00f3 el Inspector de la Polic\u00eda.<\/p>\n<p>Detenidos por delitos<\/p>\n<p>El ministro del Interior, Jos\u00e9 Serrano, dijo que en lo que va del a\u00f1o, m\u00e1s de 400 polic\u00edas han sido detenidos por cometer diferentes clases de delitos. \u201cEsto no suced\u00eda antes porque con ese mal llamado esp\u00edritu de cuerpo se pretend\u00eda tapar y esconder estas irregularidades\u201d, al tiempo que elogi\u00f3 el gran trabajo de la Polic\u00eda y subray\u00f3 que la gran mayor\u00eda de los uniformados quiere trabajar y sentirse tranquila y casa adentro no tener compa\u00f1eros que utilicen a la instituci\u00f3n y su uniforme para delinquir o participar de actos de corrupci\u00f3n.<\/p>\n<p>\u201cVamos a seguir trabajando. No podemos dar pasos a medias, sino pasos completos para reinstitucionalizar la Polic\u00eda y hacer de la seguridad ciudadana la instancia que garantice y proteja los derechos ciudadanos\u201d, asegur\u00f3.<\/p>\n<p>En el presente a\u00f1o el Ministerio del Interior a trav\u00e9s de la Direcci\u00f3n Nacional de Educaci\u00f3n de la Polic\u00eda Nacional prev\u00e9 incorporar 3.290 polic\u00edas de l\u00ednea. De este total, 3.070 vacantes corresponden a hombres y 220 para mujeres. Tambi\u00e9n agregar\u00e1 a sus filas de oficiales 400 hombres y mujeres, con 350 cupos para hombres y 50 para mujeres.<\/p>\n<p>Nuevas incorporaciones<\/p>\n<p>En el actual llamado se han inscrito para oficiales de Polic\u00eda 7.453 postulantes y 24.957 para polic\u00edas de l\u00ednea.<\/p>\n<p>Todos los aspirantes entrar\u00e1n al proceso de evaluaci\u00f3n integral; ahora se someter\u00e1n a las pruebas toxicol\u00f3gicas, declaraci\u00f3n de bienes, test sicol\u00f3gico y a la prueba poligr\u00e1fica, antes de que accedan a la etapa de formaci\u00f3n que durar\u00e1 12 meses, luego de lo cual obtendr\u00e1n el t\u00edtulo de Polic\u00eda de L\u00ednea, adem\u00e1s de T\u00e9cnico en Seguridad Ciudadana.<\/p>\n<p>La formaci\u00f3n de los aspirantes a oficiales dura 4 a\u00f1os y obtendr\u00e1n el grado de Oficial de la Polic\u00eda, adem\u00e1s de licenciados en Ciencias Pol\u00edticas y Seguridad Ciudadana.<\/p>\n<p>Adem\u00e1s, la instituci\u00f3n crear\u00e1 una condecoraci\u00f3n especial para los polic\u00edas honestos, lo cual les ayudar\u00e1 a mejorar la antig\u00fcedad como una forma de estimular el trabajo de los uniformados. Todos los miembros, sin importar el rango, podr\u00e1n acceder a esta condecoraci\u00f3n, lo cual, adem\u00e1s, implicar\u00e1 un aumento en la remuneraci\u00f3n, cuyo monto todav\u00eda est\u00e1 en estudio y ser\u00e1 anunciado durante la inauguraci\u00f3n del nuevo edificio en Quito de la Inspector\u00eda General.<\/p>\n<p>DATOS<\/p>\n<p>En 2012 a nivel nacional la Inspector\u00eda sancion\u00f3 a 7.409 polic\u00edas por faltas disciplinarias.<\/p>\n<p>Las jurisdicciones de Pichincha, Guayas y Azuay acaparan el 50,18% de las faltas sancionadas.<\/p>\n<p>El 27,7% de las faltas fueron cometidas por suboficiales mayores, seguidos por suboficiales primeros, con el 22,71% de las sanciones, y con el 21,13% los cabos segundos.<\/p>\n<p>Entre la oficialidad se impuso 314 sanciones. El grado m\u00e1s sancionado en 2012 fue el de capitanes, con 10,15%; luego el de coroneles, con el 9,89% y tenientes 9,82%. Estos porcentajes se calcularon con respecto a la cantidad de miembros en cada grado.<br \/>\nEtiquetas: 250 polic\u00edas, depuraci\u00f3n<\/p>\n","protected":false},"excerpt":{"rendered":"<p>Entre enero y agosto de 2013 fueron dados de baja 340 uniformados. De estos, 73 por mala conducta, 16 por<\/p>\n","protected":false},"author":1,"featured_media":0,"comment_status":"open","ping_status":"open","sticky":false,"template":"","format":"standard","meta":{"footnotes":""},"categories":[11,1],"tags":[],"_links":{"self":[{"href":"https:\/\/www.ecuadoraldia.com.ec\/index.php?rest_route=\/wp\/v2\/posts\/843"}],"collection":[{"href":"https:\/\/www.ecuadoraldia.com.ec\/index.php?rest_route=\/wp\/v2\/posts"}],"about":[{"href":"https:\/\/www.ecuadoraldia.com.ec\/index.php?rest_route=\/wp\/v2\/types\/post"}],"author":[{"embeddable":true,"href":"https:\/\/www.ecuadoraldia.com.ec\/index.php?rest_route=\/wp\/v2\/users\/1"}],"replies":[{"embeddable":true,"href":"https:\/\/www.ecuadoraldia.com.ec\/index.php?rest_route=%2Fwp%2Fv2%2Fcomments&post=843"}],"version-history":[{"count":2,"href":"https:\/\/www.ecuadoraldia.com.ec\/index.php?rest_route=\/wp\/v2\/posts\/843\/revisions"}],"predecessor-version":[{"id":846,"href":"https:\/\/www.ecuadoraldia.com.ec\/index.php?rest_route=\/wp\/v2\/posts\/843\/revisions\/846"}],"wp:attachment":[{"href":"https:\/\/www.ecuadoraldia.com.ec\/index.php?rest_route=%2Fwp%2Fv2%2Fmedia&parent=843"}],"wp:term":[{"taxonomy":"category","embeddable":true,"href":"https:\/\/www.ecuadoraldia.com.ec\/index.php?rest_route=%2Fwp%2Fv2%2Fcategories&post=843"},{"taxonomy":"post_tag","embeddable":true,"href":"https:\/\/www.ecuadoraldia.com.ec\/index.php?rest_route=%2Fwp%2Fv2%2Ftags&post=843"}],"curies":[{"name":"wp","href":"https:\/\/api.w.org\/{rel}","templated":true}]}}