{"id":8431,"date":"2015-04-28T13:01:42","date_gmt":"2015-04-28T13:01:42","guid":{"rendered":"http:\/\/www.ecuadoraldia.com.ec\/?p=8431"},"modified":"2015-04-28T13:01:42","modified_gmt":"2015-04-28T13:01:42","slug":"estudiantes-crean-un-robot-para-facilitar-la-vida-de-las-personas-con-discapacidad-visual","status":"publish","type":"post","link":"https:\/\/www.ecuadoraldia.com.ec\/?p=8431","title":{"rendered":"Estudiantes crean un robot para facilitar la vida de las personas con discapacidad visual"},"content":{"rendered":"<p style=\"text-align: justify;\"><a href=\"http:\/\/www.ecuadoraldia.com.ec\/wp-content\/uploads\/2015\/04\/chicas-crean-robot.jpg\"><img loading=\"lazy\" decoding=\"async\" class=\"alignleft size-full wp-image-8432\" alt=\"chicas crean robot\" src=\"http:\/\/www.ecuadoraldia.com.ec\/wp-content\/uploads\/2015\/04\/chicas-crean-robot.jpg\" width=\"275\" height=\"255\" \/><\/a>Combinando su amor por la programaci\u00f3n y sus ganas de facilitar la vida de personas con discapacidad visual, Daniela S\u00e1ez, estudiante de segundo a\u00f1o de Ingenier\u00eda Civil Telem\u00e1tica, junto a su amiga Sof\u00eda Carrasco, de primer a\u00f1o de Ingenier\u00eda Civil Electr\u00f3nica, ambas de la Universidad Santa Mar\u00eda (USM), en Venezuela, crearon el I-Sense: un prototipo rob\u00f3tico con distintos sensores de tacto y de luz, capaz de ayudar a personas no videntes a ubicarse y reconocer mejor el ambiente. El proyecto hoy acumula una abundante trayectoria y se ha presentado internacionalmente.<\/p>\n<p style=\"text-align: justify;\"><em id=\"__mceDel\">Todo comenz\u00f3 en el taller de rob\u00f3tica del Liceo 1 Javiera Carrera en 2011, cuando Daniela \u2013siendo alumna de esa instituci\u00f3n\u2013 asisti\u00f3 a un curso de programaci\u00f3n en NQC presentado en la USM por alumnos del Plantel. Incentivadas por su profesora para participar en la feria Explora Conicyt, Sof\u00eda y Daniela crearon su primer prototipo, un \u201cemulador sensorial\u201d a base de un kit de Lego consistente en una caja o \u201ccerebro\u201d del robot, conectada a trav\u00e9s de cables a sensores de luz, de tacto y ultrasonido ubicados en las extremidades de una persona.<\/p>\n<p>Esta introducci\u00f3n en el mundo de la ciencia aplicada las llen\u00f3 de entusiasmo y as\u00ed en 2013, las j\u00f3venes cient\u00edficas comenzaron a trabajar en un siguiente prototipo, m\u00e1s c\u00f3modo y mejor acabado. Gracias a sus propias gestiones, ganaron un espacio para presentar esta nueva versi\u00f3n de su proyecto en una muestra de MakerSpace, y luego, el mismo a\u00f1o, participaron en la feria de emprendimiento juvenil JumpStart Chile, donde obtuvieron nada menos que el primer puesto en la categor\u00eda nacional.<\/p>\n<p>Gracias a esto, en 2014 viajaron a representar al pa\u00eds en la Gala de Emprendimiento Juvenil Mundial de NFTE en Washington, EEUU. \u201cNos dimos cuenta de que en Estados Unidos tienen otros sistemas para sus discapacitados, pero nada como lo que nosotras estamos haciendo\u201d, cuenta Daniela S\u00e1ez. \u201cFue motivante saber que nuestro proyecto es novedoso y ellos quedaron muy sorprendidos con la idea\u201d, a\u00f1adi\u00f3. El mismo a\u00f1o viajaron a Medell\u00edn (Colombia) para competir en la Feria Cient\u00edfica CT+I, donde se repiti\u00f3 el \u00e9xito y encantaron a participantes y a la prensa.<\/p>\n<p>Este a\u00f1o, las creadoras del I-Sense se re\u00fanen en la USM, atra\u00eddas por su reputaci\u00f3n y buscando oportunidades para perfeccionar su proyecto. \u201cEn la Universidad esperamos encontrar el conocimiento que nos falta para llevar a cabo un nuevo prototipo que ya est\u00e1 planeado, que ser\u00e1 de programaci\u00f3n mucho m\u00e1s experta y que servir\u00e1 realmente a las personas\u201d, dice Daniela. Su compa\u00f1era Sof\u00eda, en tanto, tambi\u00e9n aprecia la diversidad de disciplinas presentes en el Plantel, comentando que \u201ccomo es una Universidad experta en ingenier\u00eda, hay personas de otras \u00e1reas a las que podemos recurrir si necesitamos\u201d.<\/p>\n<p>Para poder desarrollar las funcionalidades que el dispositivo alcanza hoy, las j\u00f3venes creadoras del I-Sense incluyeron la retroalimentaci\u00f3n de quienes ser\u00edan sus usuarios, es decir, personas con discapacidad visual. Para esto, visitaron diferentes instituciones de personas ciegas y, a partir de su contribuci\u00f3n, definieron qu\u00e9 aplicaciones era necesario incluir para mejorar su prototipo inicial.<\/p>\n<p>[Img #26891]<br \/>\nDaniela S\u00e1ez y Sof\u00eda Carrasco, creadoras del robot, prob\u00e1ndolo en una invidente. (Foto: USM)<\/p>\n<p>\u201cLas personas no videntes que entrevistamos nos dec\u00edan que para ellos era emocionante que unas ni\u00f1as de ense\u00f1anza media hicieran estos proyectos, pensaran en ellos y en c\u00f3mo insertarlos socialmente\u201d, recuerda Daniela, explicando lo que fue un momento decisivo para su iniciativa. \u201cLa tecnolog\u00eda avanza para darle m\u00e1s comodidad a quienes tenemos todas las facilidades, pero generalmente deja atr\u00e1s a las personas con otro tipo de capacidades\u201d, a\u00f1ade Sof\u00eda.<\/p>\n<p>Para ambas, una vez mejorado, el proyecto puede darles a los invidentes m\u00e1s independencia, seguridad y hasta posibilidades laborales, \u201cun mont\u00f3n de cosas que hicieron que supi\u00e9ramos que el proyecto puede ser mucho m\u00e1s grande de lo que pens\u00e1bamos\u201d, seg\u00fan Sof\u00eda. Y es que al ser menos notorio que el bast\u00f3n que actualmente usan las personas no videntes, el I-Sense tambi\u00e9n podr\u00eda ayudar con el tema de la discriminaci\u00f3n. \u201cHay personas a las que les gusta que los dem\u00e1s sepan que es ciega, y otras no. El dispositivo les da la posibilidad de escoger\u201d, explica la estudiante.<\/p>\n<p>Que ambas creadoras sean j\u00f3venes mujeres en un campo normalmente dominado por hombres no deja de llamar la atenci\u00f3n. \u201cEso lo hemos escuchado mucho a lo largo del proyecto\u201d, cuenta Sof\u00eda, explicando que \u201ctodos pueden participar, no es s\u00f3lo un grupo selecto. Uno no puede decir que son mejores los hombres o las mujeres en el \u00e1rea de la ciencia\u201d.<\/p>\n<p>Para Daniela, tambi\u00e9n hay importancia en el hecho de ser sudamericana. \u201cMe da orgullo pensar que no s\u00f3lo estamos representando a las mujeres, sino tambi\u00e9n a Latinoam\u00e9rica. Nos dimos cuenta de que en el continente falta creerse el cuento, porque podemos hacer muchas cosas, pero nos quedamos ah\u00ed pensando que en Estados Unidos o Jap\u00f3n lo van a hacer mejor. Tenemos las mismas posibilidades, es cosa de aprovechar las oportunidades\u201d, opina. (Fuente: USM\/DICYT)<\/em><\/p>\n","protected":false},"excerpt":{"rendered":"<p>Combinando su amor por la programaci\u00f3n y sus ganas de facilitar la vida de personas con discapacidad visual, Daniela S\u00e1ez,<\/p>\n","protected":false},"author":1,"featured_media":0,"comment_status":"open","ping_status":"open","sticky":false,"template":"","format":"standard","meta":{"footnotes":""},"categories":[8],"tags":[],"_links":{"self":[{"href":"https:\/\/www.ecuadoraldia.com.ec\/index.php?rest_route=\/wp\/v2\/posts\/8431"}],"collection":[{"href":"https:\/\/www.ecuadoraldia.com.ec\/index.php?rest_route=\/wp\/v2\/posts"}],"about":[{"href":"https:\/\/www.ecuadoraldia.com.ec\/index.php?rest_route=\/wp\/v2\/types\/post"}],"author":[{"embeddable":true,"href":"https:\/\/www.ecuadoraldia.com.ec\/index.php?rest_route=\/wp\/v2\/users\/1"}],"replies":[{"embeddable":true,"href":"https:\/\/www.ecuadoraldia.com.ec\/index.php?rest_route=%2Fwp%2Fv2%2Fcomments&post=8431"}],"version-history":[{"count":1,"href":"https:\/\/www.ecuadoraldia.com.ec\/index.php?rest_route=\/wp\/v2\/posts\/8431\/revisions"}],"predecessor-version":[{"id":8433,"href":"https:\/\/www.ecuadoraldia.com.ec\/index.php?rest_route=\/wp\/v2\/posts\/8431\/revisions\/8433"}],"wp:attachment":[{"href":"https:\/\/www.ecuadoraldia.com.ec\/index.php?rest_route=%2Fwp%2Fv2%2Fmedia&parent=8431"}],"wp:term":[{"taxonomy":"category","embeddable":true,"href":"https:\/\/www.ecuadoraldia.com.ec\/index.php?rest_route=%2Fwp%2Fv2%2Fcategories&post=8431"},{"taxonomy":"post_tag","embeddable":true,"href":"https:\/\/www.ecuadoraldia.com.ec\/index.php?rest_route=%2Fwp%2Fv2%2Ftags&post=8431"}],"curies":[{"name":"wp","href":"https:\/\/api.w.org\/{rel}","templated":true}]}}