{"id":8437,"date":"2015-04-28T13:03:20","date_gmt":"2015-04-28T13:03:20","guid":{"rendered":"http:\/\/www.ecuadoraldia.com.ec\/?p=8437"},"modified":"2015-04-28T13:03:20","modified_gmt":"2015-04-28T13:03:20","slug":"la-upsa-estudia-la-evolucion-de-los-podcast-en-espana-y-latinoamerica","status":"publish","type":"post","link":"https:\/\/www.ecuadoraldia.com.ec\/?p=8437","title":{"rendered":"La UPSA estudia la evoluci\u00f3n de los podcast en Espa\u00f1a y Latinoam\u00e9rica"},"content":{"rendered":"<p style=\"text-align: justify;\"><a href=\"http:\/\/www.ecuadoraldia.com.ec\/wp-content\/uploads\/2015\/04\/investgadora.jpg\"><img loading=\"lazy\" decoding=\"async\" class=\"alignleft size-medium wp-image-8438\" alt=\"investgadora\" src=\"http:\/\/www.ecuadoraldia.com.ec\/wp-content\/uploads\/2015\/04\/investgadora-286x300.jpg\" width=\"286\" height=\"300\" srcset=\"https:\/\/www.ecuadoraldia.com.ec\/wp-content\/uploads\/2015\/04\/investgadora-286x300.jpg 286w, https:\/\/www.ecuadoraldia.com.ec\/wp-content\/uploads\/2015\/04\/investgadora.jpg 295w\" sizes=\"(max-width: 286px) 100vw, 286px\" \/><\/a>Un proyecto de la Universidad Pontificia de Salamanca (UPSA), en Espa\u00f1a, est\u00e1 analizando la evoluci\u00f3n de los podcasts, archivos de audio digitales de temas muy diversos que los usuarios pueden encontrar y compartir en internet. Un estudio realizado en la UPSA observ\u00f3 los cambios que se produjeron entre 2008 y 2011 en Espa\u00f1a y Latinoam\u00e9rica, y la continuidad de la investigaci\u00f3n plantea como objetivo seguir investigando las caracter\u00edsticas de este formato de comunicaci\u00f3n y su consumo.<\/p>\n<p style=\"text-align: justify;\"><em id=\"__mceDel\">\u201cQueremos saber cu\u00e1l es la evoluci\u00f3n del conocimiento del podcast, c\u00f3mo son los usuarios y su comportamiento actual\u201d, se\u00f1ala a DiCYT Mar\u00eda Blanco, t\u00e9cnico de la UPSA y responsable del proyecto, que realiz\u00f3 su tesis doctoral con los resultados de la anterior investigaci\u00f3n y bajo la direcci\u00f3n de Alfonso Jos\u00e9 L\u00f3pez Rivero y Emma Rodero.<\/p>\n<p>\u201cCuando aparecieron los podcast parec\u00eda que pod\u00edan convertirse en el nuevo gran formato de comunicaci\u00f3n junto a los blogs, pero estos han crecido mucho y los podcasts no\u201d, apunta. \u201cCreemos que entre el 2011 y el 2015 el consumo general no ha ascendido, pero tambi\u00e9n tenemos la hip\u00f3tesis de que el usuario es m\u00e1s fiel y le dedica m\u00e1s tiempo y creemos que quienes elaboran los archivos lo hacen de manera m\u00e1s profesional\u201d, a\u00f1ade.<\/p>\n<p>A trav\u00e9s de 14.000 encuestas en 2008 y 24.000 en 2011, respondidas por correo electr\u00f3nico en Espa\u00f1a y Am\u00e9rica Latina, la investigaci\u00f3n anterior revel\u00f3 datos curiosos. Por ejemplo, la primera muestra indica que los podcasts m\u00e1s escuchados fueron los de tecnolog\u00eda, noticias y juegos, mientras que solo tres a\u00f1os despu\u00e9s las preferencias hab\u00edan cambiado y los temas favoritos eran los de ocio, ciencias, deportes y juegos.<\/p>\n<p>El perfil del consumidor de podcast es de un hombre, de entre 19 y 20 a\u00f1os, con estudios primarios y medios y que suele realizar compras on line. Los usuarios escuchan los archivos principalmente en el ordenador, tanto a trav\u00e9s de la descarga como en streaming, aunque se observ\u00f3 un aumento del consumo a trav\u00e9s de dispositivos m\u00f3viles, con un tiempo medio algo inferior a dos horas diarias.<\/em><\/p>\n<p style=\"text-align: justify;\">\n\u201cLa mayor\u00eda manifiesta que los escucha principalmente como entretenimiento y considera que le proporcionan un acceso a la informaci\u00f3n de forma m\u00e1s r\u00e1pida y m\u00e1s f\u00e1cil que el resto de medios\u201d, apunta Mar\u00eda Blanco.<\/p>\n<p>Entre las dos fases de la encuesta ya se observaba una tendencia: descendi\u00f3 el conocimiento, la escucha general y las suscripciones a archivos podcasts, pero el consumo diario de las personas interesadas aument\u00f3. \u201cNos preguntamos por qu\u00e9 existe tanto desconocimiento de este formato, casi nadie sabe lo que es un podcast, pero cuando te encuentras con alguien que lo conoce, sabe mucho y consume varios\u201d, indica la t\u00e9cnico. Casi todos los usuarios de podcast est\u00e1n suscritos a varios y como producto parece tener un gran poder de fidelizaci\u00f3n.<\/p>\n<p>Entre Espa\u00f1a y Latinoam\u00e9rica no existen grandes diferencias, aunque al otro lado del Atl\u00e1ntico se consumen un poco m\u00e1s y buena parte de los que existen est\u00e1n relacionados con la educaci\u00f3n. Precisamente, en el continente americano existen tambi\u00e9n algunas investigaciones en torno al podcast dentro de un contexto educativo.<\/p>\n<p>Sin embargo, en l\u00ednea con el gran desconocimiento general sobre los podcasts, no hay estudios como este en el \u00e1mbito hispanohablante. Por el contrario, en Estados Unidos el fen\u00f3meno est\u00e1 mucho m\u00e1s investigado y el perfil de consumo es similar al iberoamericano, aunque los oyentes son de mayor edad.<\/p>\n<p>En la nueva fase de la investigaci\u00f3n, que comenz\u00f3 hace medio a\u00f1o y podr\u00eda ofrecer resultados para el pr\u00f3ximo mes de junio, se pretende que la muestra tambi\u00e9n sea muy amplia para continuar analizando la evoluci\u00f3n del formato. Sin embargo, este proyecto quiere recabar a la vez otro tipo de informaci\u00f3n. \u201cQueremos analizar el contenido y la estructura de los podcasts m\u00e1s escuchados, ahondar en la duraci\u00f3n, los temas y las personas que participan\u201d, adelanta Mar\u00eda Blanco. (Fuente: Jos\u00e9 Pichel Andr\u00e9s\/DICYT)<\/p>\n<p>&nbsp;<\/p>\n","protected":false},"excerpt":{"rendered":"<p>Un proyecto de la Universidad Pontificia de Salamanca (UPSA), en Espa\u00f1a, est\u00e1 analizando la evoluci\u00f3n de los podcasts, archivos de<\/p>\n","protected":false},"author":1,"featured_media":0,"comment_status":"open","ping_status":"open","sticky":false,"template":"","format":"standard","meta":{"footnotes":""},"categories":[8],"tags":[],"_links":{"self":[{"href":"https:\/\/www.ecuadoraldia.com.ec\/index.php?rest_route=\/wp\/v2\/posts\/8437"}],"collection":[{"href":"https:\/\/www.ecuadoraldia.com.ec\/index.php?rest_route=\/wp\/v2\/posts"}],"about":[{"href":"https:\/\/www.ecuadoraldia.com.ec\/index.php?rest_route=\/wp\/v2\/types\/post"}],"author":[{"embeddable":true,"href":"https:\/\/www.ecuadoraldia.com.ec\/index.php?rest_route=\/wp\/v2\/users\/1"}],"replies":[{"embeddable":true,"href":"https:\/\/www.ecuadoraldia.com.ec\/index.php?rest_route=%2Fwp%2Fv2%2Fcomments&post=8437"}],"version-history":[{"count":2,"href":"https:\/\/www.ecuadoraldia.com.ec\/index.php?rest_route=\/wp\/v2\/posts\/8437\/revisions"}],"predecessor-version":[{"id":8440,"href":"https:\/\/www.ecuadoraldia.com.ec\/index.php?rest_route=\/wp\/v2\/posts\/8437\/revisions\/8440"}],"wp:attachment":[{"href":"https:\/\/www.ecuadoraldia.com.ec\/index.php?rest_route=%2Fwp%2Fv2%2Fmedia&parent=8437"}],"wp:term":[{"taxonomy":"category","embeddable":true,"href":"https:\/\/www.ecuadoraldia.com.ec\/index.php?rest_route=%2Fwp%2Fv2%2Fcategories&post=8437"},{"taxonomy":"post_tag","embeddable":true,"href":"https:\/\/www.ecuadoraldia.com.ec\/index.php?rest_route=%2Fwp%2Fv2%2Ftags&post=8437"}],"curies":[{"name":"wp","href":"https:\/\/api.w.org\/{rel}","templated":true}]}}