{"id":8441,"date":"2015-04-28T13:09:38","date_gmt":"2015-04-28T13:09:38","guid":{"rendered":"http:\/\/www.ecuadoraldia.com.ec\/?p=8441"},"modified":"2015-04-28T13:09:39","modified_gmt":"2015-04-28T13:09:39","slug":"100-mil-dosis-de-cocaina-salieron-del-mercado-gracias-al-operativo-daytona%e2%80%8f","status":"publish","type":"post","link":"https:\/\/www.ecuadoraldia.com.ec\/?p=8441","title":{"rendered":"100 mil dosis de coca\u00edna salieron del mercado gracias al operativo Daytona\u200f"},"content":{"rendered":"<p style=\"text-align: justify;\"><a href=\"http:\/\/www.ecuadoraldia.com.ec\/wp-content\/uploads\/2015\/04\/droga.png\"><img loading=\"lazy\" decoding=\"async\" class=\"alignleft size-full wp-image-8442\" alt=\"droga\" src=\"http:\/\/www.ecuadoraldia.com.ec\/wp-content\/uploads\/2015\/04\/droga.png\" width=\"290\" height=\"193\" \/><\/a>Guayaquil.- Un cami\u00f3n fue interceptado en el cant\u00f3n Pedro Carbo, por personal de la Direcci\u00f3n Nacional Antinarc\u00f3ticos y la Unidad de Investigaciones Antinarc\u00f3ticos, de la Polic\u00eda Nacional, en el operativo Daytona. En el automotor se hall\u00f3 42.6 kilos de coca\u00edna, que eran transportados desde la frontera norte.<\/p>\n<p style=\"text-align: justify;\">El trabajo de investigaci\u00f3n policial, para determinar organizaciones delictivas dedicadas al microtr\u00e1fico en la provincia del Guayas, permiti\u00f3 conocer que un cargamento de alcaloide era transportado desde la frontera norte.<\/p>\n<p style=\"text-align: justify;\">La informaci\u00f3n dio cuenta de un veh\u00edculo tipo volqueta marca Beichi, color rojo de placas IAI-839, dentro del cual se hab\u00eda construido un compartimento especial para ocultar la droga.<\/p>\n<p style=\"text-align: justify;\">De inmediato se puso en marcha el operativo Daytona, logrando descubrir un veh\u00edculo con similares caracter\u00edsticas, que llegaba al cant\u00f3n Pedro Carbo y que, de forma disimulada, era custodiado por otro automotor.<\/p>\n<p style=\"text-align: justify;\">Al notar la presencia policial, los ocupantes del veh\u00edculo que resguardaba a la volqueta, se dieron a la fuga intern\u00e1ndose en el monte, mientras que la misma acci\u00f3n no fue posible para Cristian Fabio Y.P., conductor de un veh\u00edculo tipo Jeep SZ color plomo, quien tambi\u00e9n cumpl\u00eda funciones de seguridad de la volqueta. Fue detenido de inmediato.<\/p>\n<p style=\"text-align: justify;\">Al registrar la volqueta se evidenci\u00f3, en un compartimento dentro de la cabina del veh\u00edculo, 39 paquetes cubiertos con cinta de embalaje color caf\u00e9, que conten\u00edan 42.6 kilos de coca\u00edna, que representan unas 100 mil dosis, avaluados en 150 mil d\u00f3lares.<\/p>\n<p style=\"text-align: justify;\">Las autoridades manifestaron que este caso contin\u00faa en investigaci\u00f3n, a fin de establecer las conexiones y el paradero de quienes participaron en este il\u00edcito, que pone en riesgo a ni\u00f1os y j\u00f3venes de nuestra sociedad. \/ Redacci\u00f3n Guayas. (fuente Min Interior)<\/p>\n","protected":false},"excerpt":{"rendered":"<p>Guayaquil.- Un cami\u00f3n fue interceptado en el cant\u00f3n Pedro Carbo, por personal de la Direcci\u00f3n Nacional Antinarc\u00f3ticos y la Unidad<\/p>\n","protected":false},"author":1,"featured_media":0,"comment_status":"open","ping_status":"open","sticky":false,"template":"","format":"standard","meta":{"footnotes":""},"categories":[20],"tags":[],"_links":{"self":[{"href":"https:\/\/www.ecuadoraldia.com.ec\/index.php?rest_route=\/wp\/v2\/posts\/8441"}],"collection":[{"href":"https:\/\/www.ecuadoraldia.com.ec\/index.php?rest_route=\/wp\/v2\/posts"}],"about":[{"href":"https:\/\/www.ecuadoraldia.com.ec\/index.php?rest_route=\/wp\/v2\/types\/post"}],"author":[{"embeddable":true,"href":"https:\/\/www.ecuadoraldia.com.ec\/index.php?rest_route=\/wp\/v2\/users\/1"}],"replies":[{"embeddable":true,"href":"https:\/\/www.ecuadoraldia.com.ec\/index.php?rest_route=%2Fwp%2Fv2%2Fcomments&post=8441"}],"version-history":[{"count":2,"href":"https:\/\/www.ecuadoraldia.com.ec\/index.php?rest_route=\/wp\/v2\/posts\/8441\/revisions"}],"predecessor-version":[{"id":8444,"href":"https:\/\/www.ecuadoraldia.com.ec\/index.php?rest_route=\/wp\/v2\/posts\/8441\/revisions\/8444"}],"wp:attachment":[{"href":"https:\/\/www.ecuadoraldia.com.ec\/index.php?rest_route=%2Fwp%2Fv2%2Fmedia&parent=8441"}],"wp:term":[{"taxonomy":"category","embeddable":true,"href":"https:\/\/www.ecuadoraldia.com.ec\/index.php?rest_route=%2Fwp%2Fv2%2Fcategories&post=8441"},{"taxonomy":"post_tag","embeddable":true,"href":"https:\/\/www.ecuadoraldia.com.ec\/index.php?rest_route=%2Fwp%2Fv2%2Ftags&post=8441"}],"curies":[{"name":"wp","href":"https:\/\/api.w.org\/{rel}","templated":true}]}}