{"id":8449,"date":"2015-04-28T13:15:34","date_gmt":"2015-04-28T13:15:34","guid":{"rendered":"http:\/\/www.ecuadoraldia.com.ec\/?p=8449"},"modified":"2015-04-28T13:15:34","modified_gmt":"2015-04-28T13:15:34","slug":"dos-individuos-fueron-aprehendidos-con-armas-de-fuego-en-el-sur-de-guayaquil","status":"publish","type":"post","link":"https:\/\/www.ecuadoraldia.com.ec\/?p=8449","title":{"rendered":"Dos individuos fueron aprehendidos con armas de fuego en el sur de Guayaquil"},"content":{"rendered":"<p style=\"text-align: justify;\"><a href=\"http:\/\/www.ecuadoraldia.com.ec\/wp-content\/uploads\/2015\/04\/dtnido.png\"><img loading=\"lazy\" decoding=\"async\" class=\"alignleft size-full wp-image-8450\" alt=\"dtnido\" src=\"http:\/\/www.ecuadoraldia.com.ec\/wp-content\/uploads\/2015\/04\/dtnido.png\" width=\"280\" height=\"214\" \/><\/a>Guayaquil.- Leonel Steven C. M. y Gabriel Adri\u00e1n P.M., ambos de 21 a\u00f1os de edad, fueron detenidos por agentes de la Polic\u00eda Nacional, en diferentes lugares del sur de Guayaquil, por portar armas de fuego.<\/p>\n<p style=\"text-align: justify;\">El mayor Franklin Troya, comandante del distrito Sur (accidental), manifest\u00f3 que el primer caso se registr\u00f3 en la Mz. B de la cooperativa Venecia. Mientras realizaba patrullaje preventivo, los elementos policiales se percataron de un altercado entre varias personas, que se llevaba a cabo en una cancha del sector. Los agentes se acercaron a prestar auxilio inmediato.<\/p>\n<p style=\"text-align: justify;\">Al notar la presencia policial, los litigantes salieron en precipitada carrera, sin embargo, el denunciante Pedro B. R. reconoci\u00f3 plenamente a los involucrados. Entre ellos est\u00e1 Leonel Steven C. M., como la persona que habr\u00eda realizado disparos en un local llamado Mini Marquet Raquel.<\/p>\n<p style=\"text-align: justify;\">A pocos metros, en un terreno bald\u00edo, los uniformados encontraron un arma de fuego tipo pistola, calibre 9 mm, con empu\u00f1adura de color negro y su alimentadora con nueve cartuchos sin percutir. El acusado habr\u00eda arrojado en su intento de darse a la fuga. El sujeto fue aprehendido.<\/p>\n<p style=\"text-align: justify;\">Caso en Portete<\/p>\n<p style=\"text-align: justify;\">Uniformados de la Instituci\u00f3n que realizaban trabajos de investigaci\u00f3n en las calles 38 y callej\u00f3n Parra, durante el cumplimiento de una orden de servicio, observaron a Gabriel Adri\u00e1n P.M., de 21 a\u00f1os de edad, en actitud sospechosa. Los miembros del orden solicitaron sus documentos personales y registraron al individuo, hall\u00e1ndole entre sus pertenencias, en el bolsillo izquierdo de su pantaloneta, un arma de fuego modelo 48-380 auto Jevinings firearms, con su respectiva alimentadora.<\/p>\n<p style=\"text-align: justify;\">Leonel Steven C. M. y Gabriel Adri\u00e1n P.M. llegaron hasta la Unidad Judicial Centro, donde los fiscales de turno avocaron conocimiento de los casos y dispusieron que sean sometidos a audiencia de formulaci\u00f3n de cargos, mientras que las armas de fuego pasaron bajo cadena de custodia, a la bodega de la Polic\u00eda Judicial de la zona 8. \/ Redacci\u00f3n Guayas.. (Fuente Min Interior)<\/p>\n","protected":false},"excerpt":{"rendered":"<p>Guayaquil.- Leonel Steven C. M. y Gabriel Adri\u00e1n P.M., ambos de 21 a\u00f1os de edad, fueron detenidos por agentes de<\/p>\n","protected":false},"author":1,"featured_media":0,"comment_status":"open","ping_status":"open","sticky":false,"template":"","format":"standard","meta":{"footnotes":""},"categories":[20],"tags":[],"_links":{"self":[{"href":"https:\/\/www.ecuadoraldia.com.ec\/index.php?rest_route=\/wp\/v2\/posts\/8449"}],"collection":[{"href":"https:\/\/www.ecuadoraldia.com.ec\/index.php?rest_route=\/wp\/v2\/posts"}],"about":[{"href":"https:\/\/www.ecuadoraldia.com.ec\/index.php?rest_route=\/wp\/v2\/types\/post"}],"author":[{"embeddable":true,"href":"https:\/\/www.ecuadoraldia.com.ec\/index.php?rest_route=\/wp\/v2\/users\/1"}],"replies":[{"embeddable":true,"href":"https:\/\/www.ecuadoraldia.com.ec\/index.php?rest_route=%2Fwp%2Fv2%2Fcomments&post=8449"}],"version-history":[{"count":1,"href":"https:\/\/www.ecuadoraldia.com.ec\/index.php?rest_route=\/wp\/v2\/posts\/8449\/revisions"}],"predecessor-version":[{"id":8451,"href":"https:\/\/www.ecuadoraldia.com.ec\/index.php?rest_route=\/wp\/v2\/posts\/8449\/revisions\/8451"}],"wp:attachment":[{"href":"https:\/\/www.ecuadoraldia.com.ec\/index.php?rest_route=%2Fwp%2Fv2%2Fmedia&parent=8449"}],"wp:term":[{"taxonomy":"category","embeddable":true,"href":"https:\/\/www.ecuadoraldia.com.ec\/index.php?rest_route=%2Fwp%2Fv2%2Fcategories&post=8449"},{"taxonomy":"post_tag","embeddable":true,"href":"https:\/\/www.ecuadoraldia.com.ec\/index.php?rest_route=%2Fwp%2Fv2%2Ftags&post=8449"}],"curies":[{"name":"wp","href":"https:\/\/api.w.org\/{rel}","templated":true}]}}