{"id":847,"date":"2013-11-05T16:36:31","date_gmt":"2013-11-05T16:36:31","guid":{"rendered":"http:\/\/www.ecuadoraldia.com.ec\/?p=847"},"modified":"2013-11-05T16:36:31","modified_gmt":"2013-11-05T16:36:31","slug":"chevron-habria-intervendo-correos-privados-del-presidente-correa","status":"publish","type":"post","link":"https:\/\/www.ecuadoraldia.com.ec\/?p=847","title":{"rendered":"Chevron habr\u00eda intervendo  correos privados del  presidente  Correa"},"content":{"rendered":"<p><a href=\"http:\/\/www.ecuadoraldia.com.ec\/wp-content\/uploads\/2013\/11\/procurador.jpg\"><img loading=\"lazy\" decoding=\"async\" class=\"alignleft size-medium wp-image-848\" alt=\"procurador\" src=\"http:\/\/www.ecuadoraldia.com.ec\/wp-content\/uploads\/2013\/11\/procurador-300x214.jpg\" width=\"300\" height=\"214\" srcset=\"https:\/\/www.ecuadoraldia.com.ec\/wp-content\/uploads\/2013\/11\/procurador-300x214.jpg 300w, https:\/\/www.ecuadoraldia.com.ec\/wp-content\/uploads\/2013\/11\/procurador.jpg 999w\" sizes=\"(max-width: 300px) 100vw, 300px\" \/><\/a>Quito, 5 Nov .- El procurador general del Estado, Diego Garc\u00eda Carri\u00f3n, denunci\u00f3 el pasado lunes la intercepci\u00f3n de correos internos al Gobierno de Ecuador e incluso correos del primer mandatario, Rafael Correa, por parte de la petrolerra estadounidense Chevron, los mismos pretend\u00edan ser utilizados en un juicio en Nueva York, contra un grupo de afectados por la contaminaci\u00f3n causada en la amazonia ecuatoriana.<\/p>\n<p>\u00abEst\u00e1n siendo espiadas las autoridades del Estado y esa informaci\u00f3n que intent\u00f3 ser utilizada en Nueva York, es parte de la informaci\u00f3n que hoy pretende ser filtrada por el diputado opositor, Cl\u00e9ver Jim\u00e9nez\u201d, afirm\u00f3 Garc\u00eda a un medio de comunicaci\u00f3n local, seg\u00fan lo recoge el canal de televisi\u00f3n venezolano Telesur.<\/p>\n<p>Subray\u00f3 que los mensajes colectados de forma ilegal al Gobierno de Ecuador, incluye comunicaciones del jefe de Estado ecuatoriano, las cuales de manera inexplicable llegaron a una corte de Nueva York, donde se presenta un juicio de Chevron contra el abogado estadounidense Steven Donziger, quien se encarg\u00f3 de representar a los pobladores ecuatorianos que ganaron una multimillonaria demandapor da\u00f1os ambientales en la Amazon\u00eda.<\/p>\n<p>El espionaje al Gobierno ecuatoriano al que hace alusi\u00f3n el procurador, se conoci\u00f3 tras una denuncia presentada por el opositor Cl\u00e9ver Jim\u00e9nez, quien se\u00f1al\u00f3 en su momento que las autoridades ecuatorianas contrataron a profesionales del derecho para defender en varias oportunidades las demandas internacionales a ecuatorianos que trabajaron en un determinado momento en la empresa estadounidense.<\/p>\n<p>En 2012, Chevron fue condenada a pagar 19 mil millones de d\u00f3lares, pero el fallo todav\u00eda debe ser ratificado por el m\u00e1ximo tribunal ecuatoriano. Por otra parte, Texaco oper\u00f3 en Ecuador entre 1964 y 1990 y fue adquirida por Chevron en 2001, que gener\u00f3 un gran \u00edndice de contaminaci\u00f3n para la Amazon\u00eda.<\/p>\n<p>En septiembre de 2013, el presidente de Ecuador, Rafael Correa, mostr\u00f3 al mundo las manos suciasde la contaminaci\u00f3n producida por la empresa Chevron tras su visita a uno de los miles de pozos en la provincia de Sucumb\u00edos (norte) deteriorados por la empresa petrolera desde hace m\u00e1s de 30 a\u00f1os y que hasta la fecha se niega a cancelar por estos da\u00f1os.<\/p>\n<p>Correa hizo un llamado a los accionistas a no ser c\u00f3mplices indirectos de uno de los mayores desastres de la humanidad. De igual forma, afirm\u00f3 que la compa\u00f1\u00eda no quiere reconocer su responsabilidad por el da\u00f1o causado a la Amazon\u00eda. Recomend\u00f3 a los habitantes de Am\u00e9rica Latina y del mundo a no comprar los productos de una irresponsable organizaci\u00f3n comercial llamada Chevron.(teleSury ecuadoraldia.com.ec)<\/p>\n<p>&nbsp;<\/p>\n","protected":false},"excerpt":{"rendered":"<p>Quito, 5 Nov .- El procurador general del Estado, Diego Garc\u00eda Carri\u00f3n, denunci\u00f3 el pasado lunes la intercepci\u00f3n de correos<\/p>\n","protected":false},"author":1,"featured_media":0,"comment_status":"open","ping_status":"open","sticky":false,"template":"","format":"standard","meta":{"footnotes":""},"categories":[1],"tags":[],"_links":{"self":[{"href":"https:\/\/www.ecuadoraldia.com.ec\/index.php?rest_route=\/wp\/v2\/posts\/847"}],"collection":[{"href":"https:\/\/www.ecuadoraldia.com.ec\/index.php?rest_route=\/wp\/v2\/posts"}],"about":[{"href":"https:\/\/www.ecuadoraldia.com.ec\/index.php?rest_route=\/wp\/v2\/types\/post"}],"author":[{"embeddable":true,"href":"https:\/\/www.ecuadoraldia.com.ec\/index.php?rest_route=\/wp\/v2\/users\/1"}],"replies":[{"embeddable":true,"href":"https:\/\/www.ecuadoraldia.com.ec\/index.php?rest_route=%2Fwp%2Fv2%2Fcomments&post=847"}],"version-history":[{"count":2,"href":"https:\/\/www.ecuadoraldia.com.ec\/index.php?rest_route=\/wp\/v2\/posts\/847\/revisions"}],"predecessor-version":[{"id":850,"href":"https:\/\/www.ecuadoraldia.com.ec\/index.php?rest_route=\/wp\/v2\/posts\/847\/revisions\/850"}],"wp:attachment":[{"href":"https:\/\/www.ecuadoraldia.com.ec\/index.php?rest_route=%2Fwp%2Fv2%2Fmedia&parent=847"}],"wp:term":[{"taxonomy":"category","embeddable":true,"href":"https:\/\/www.ecuadoraldia.com.ec\/index.php?rest_route=%2Fwp%2Fv2%2Fcategories&post=847"},{"taxonomy":"post_tag","embeddable":true,"href":"https:\/\/www.ecuadoraldia.com.ec\/index.php?rest_route=%2Fwp%2Fv2%2Ftags&post=847"}],"curies":[{"name":"wp","href":"https:\/\/api.w.org\/{rel}","templated":true}]}}