{"id":8509,"date":"2015-04-29T12:19:49","date_gmt":"2015-04-29T12:19:49","guid":{"rendered":"http:\/\/www.ecuadoraldia.com.ec\/?p=8509"},"modified":"2015-04-29T12:19:49","modified_gmt":"2015-04-29T12:19:49","slug":"banda-delictiva-dedicada-al-robo-a-mano-armada-fue-desarticulada","status":"publish","type":"post","link":"https:\/\/www.ecuadoraldia.com.ec\/?p=8509","title":{"rendered":"Banda delictiva dedicada al robo a mano armada fue desarticulada"},"content":{"rendered":"<figure id=\"attachment_8510\" aria-describedby=\"caption-attachment-8510\" style=\"width: 294px\" class=\"wp-caption alignleft\"><a href=\"http:\/\/www.ecuadoraldia.com.ec\/wp-content\/uploads\/2015\/04\/asm.jpg\"><img loading=\"lazy\" decoding=\"async\" class=\"size-full wp-image-8510\" alt=\"foto internet\" src=\"http:\/\/www.ecuadoraldia.com.ec\/wp-content\/uploads\/2015\/04\/asm.jpg\" width=\"294\" height=\"210\" \/><\/a><figcaption id=\"caption-attachment-8510\" class=\"wp-caption-text\">foto internet<\/figcaption><\/figure>\n<p style=\"text-align: justify;\">Quito.- El operativo \u201cFuera de Juego\u201d dirigido por miembros de la Polic\u00eda Judicial del Distrito Metropolitano de Quito PJ-DMQ, desmantel\u00f3 la madrugada de hoy martes 28 de abril, una banda delictiva en el sector de Carapungo, norte de la capital, dedicada al robo a mano armada, robo a locales comerciales y entidades financieras.<\/p>\n<p style=\"text-align: justify;\">En rueda de prensa, el viceministro de Seguridad Interna, Diego Fuentes, acompa\u00f1ado del director nacional de la Polic\u00eda Judicial, general Milton Z\u00e1rate; del jefe de la PJ-DMQ, coronel Gonzalo Guevara y directivos de Sociedad Deportivo Quito, dio cuenta de la desarticulaci\u00f3n de la organizaci\u00f3n delictiva relacionada con el robo a la sede de equipo de la Plaza del Teatro, al cabo de seis d\u00edas de ocurrido el hecho, gracias a una r\u00e1pida respuesta de miembros de la PJ-DMQ.<\/p>\n<p style=\"text-align: justify;\">\u201cEsta estructura perpetu\u00f3 el robo a la sede de Sociedad Deportivo Quito, lo cual fue corroborado a trav\u00e9s de las actividades realizadas por el sistema de inteligencia e investigaci\u00f3n de agentes de la PJ-DMQ y confirmado en el allanamiento donde se encontr\u00f3 tres armas de fuego tipo rev\u00f3lver, cascos de motocicleta, seis plasmas que son parte de los art\u00edculos que fueron sustra\u00eddos el 22 de abril \u00faltimo, afirm\u00f3 el titular del viceministerio de Seguridad Interna.<\/p>\n<p style=\"text-align: justify;\">Seg\u00fan detall\u00f3 Diego Fuentes, labores de inteligencia efectuadas por agentes de la PJ-DMQ determinaron el modus operandi y la vivienda donde realizaban la coordinaci\u00f3n de robos, tras el seguimiento a sus v\u00edctimas. En el allanamiento al inmueble se detuvo a tres personas: Alex Fabricio C.M, Roberto Arcesio T.B, \u00c1lex Fabricio C.M, dos de ellos con antecedentes: uno con ocho detenciones por robo, tenencia ilegal de armas, asociaci\u00f3n il\u00edcita y robo calificado, y un segundo con una detenci\u00f3n por robo calificado.<\/p>\n<p style=\"text-align: justify;\">La autoridad ministerial confirm\u00f3 que los aprehendidos se encargaban de estructurar y organizar los robos bajo la modalidad de robos a domicilios, a locales comerciales, a entidades financieras y acopio de art\u00edculos robados. Entre otras evidencias en el allanamiento se citan varios tel\u00e9fonos celulares, accesorios de art\u00edculos deportivos.<\/p>\n<p style=\"text-align: justify;\">Con la informaci\u00f3n recabada se estableci\u00f3 el paradero y ubicaci\u00f3n de otros ciudadanos que participaron en el robo; sin embargo, a decir de Diego Fuentes se determin\u00f3 que los otros cinco sujetos no pertenecen a la banda organizada sino ser\u00edan personas captadas por los aprehendidos para apoyarlos en la log\u00edstica.<\/p>\n<p style=\"text-align: justify;\">Diego Fuentes ratific\u00f3 el compromiso del Ministerio del Interior de efectuar permanentemente todas estas tareas para brindar seguridad a los ciudadanos\/as del pa\u00eds y en este caso de Quito.<\/p>\n<p style=\"text-align: justify;\">El funcionario ministerial puso de manifiesto que la informaci\u00f3n recopilada se obtuvo de primera mano adem\u00e1s de alimentarse de la investigaci\u00f3n intensiva llevada a cabo la semana anterior.<\/p>\n<p style=\"text-align: justify;\">Mano dura contra la delincuencia<\/p>\n<p style=\"text-align: justify;\">Por su parte el general Milton Z\u00e1rate afirm\u00f3 enf\u00e1ticamente que continuar\u00e1n en el combate contra el delito en todas sus formas y manifestaciones con el \u00e1nimo de ofrecer mejores niveles de seguridad ciudadana\u201d.<\/p>\n<p style=\"text-align: justify;\">\u201cSin temor a equivocarme, la delincuencia atraviesa momentos sumamente dif\u00edciles\u201d, asegur\u00f3 Milton Z\u00e1rate, a la vez que felicit\u00f3 y reconoci\u00f3 el trabajo ejecutado por el personal de la PJ-DMQ.<\/p>\n<p style=\"text-align: justify;\">Hizo hincapi\u00e9 en el fortalecimiento y estandarizaci\u00f3n del modelo de gesti\u00f3n investigativa que permite investigar para luego detener. Destac\u00f3 igualmente el aporte de las denuncias sobre el robo al complejo del Deportivo Quito y de otros hechos delictivos, en los cuales est\u00e1 involucrada la organizaci\u00f3n neutralizada la madrugada de hoy (martes).<\/p>\n<p style=\"text-align: justify;\">El alto mando policial exhort\u00f3 a la ciudadan\u00eda a confiar en el profesionalismo y las competencias profesionales de la Polic\u00eda Nacional.<\/p>\n<p style=\"text-align: justify;\">Finalmente, el presidente de Sociedad Deportivo Quito, Joselito Cobos, felicit\u00f3 la acci\u00f3n y el trabajo de la Polic\u00eda Nacional para tranquilidad de toda la ciudadan\u00eda. Hoy se refleja este importante trabajo y deseo el mejor de los \u00e9xitos e invito a la ciudadan\u00eda a confiar en ese gran trabajo. Pidi\u00f3 que los equipos electr\u00f3nicos recuperados sean devueltos inmediatamente.<\/p>\n<p style=\"text-align: justify;\">Personal de Criminal\u00edstica procedi\u00f3 al levantamiento y fijaci\u00f3n de las evidencias, para luego enviarlas a la Unidad de Flagrancia para \u00f3rdenes de la autoridad competente.<\/p>\n<p style=\"text-align: justify;\">Fortalecimiento de las unidades de investigaci\u00f3n<\/p>\n<p style=\"text-align: justify;\">En el contexto de mejorar a las unidades de la Polic\u00eda Judicial, oficialmente el director de esta unidad dio a conocer sobre algunos cambios administrativos. Indic\u00f3 que el coronel Ramiro Ortega Curipallo, pasar a ocupar las funciones en la Subdirecci\u00f3n General de la Polic\u00eda Judicial, mientras que el coronel Gonzalo Guevara Guerrero, es el actual jefe de la PJ-DMQ, un miembro policial que ha crecido profesionalmente en el campo investigativo.<\/p>\n<p style=\"text-align: justify;\">Por lo tanto, dijo, aseguramos la continuidad de la producci\u00f3n investigativa. Todas las acciones que se planifiquen y el liderazgo est\u00e1n en buenas manos, asegur\u00f3 el general Milton Z\u00e1rate.<\/p>\n<p style=\"text-align: justify;\">Por su parte, el coronel Guevara invit\u00f3 a los medios de comunicaci\u00f3n a apoyar y motivar a la ciudadan\u00eda para que entregue informaci\u00f3n. Hizo notar la importancia de fortalecer la cultura de la denuncia, puesto que el aporte de informaci\u00f3n a la l\u00ednea 1800Delito, que se la acoge de manera reservada permitir\u00e1 obtener mejores resultados. \/ Redacci\u00f3n Quito. (Minterior)<\/p>\n","protected":false},"excerpt":{"rendered":"<p>Quito.- El operativo \u201cFuera de Juego\u201d dirigido por miembros de la Polic\u00eda Judicial del Distrito Metropolitano de Quito PJ-DMQ, desmantel\u00f3<\/p>\n","protected":false},"author":1,"featured_media":0,"comment_status":"open","ping_status":"open","sticky":false,"template":"","format":"standard","meta":{"footnotes":""},"categories":[20],"tags":[],"_links":{"self":[{"href":"https:\/\/www.ecuadoraldia.com.ec\/index.php?rest_route=\/wp\/v2\/posts\/8509"}],"collection":[{"href":"https:\/\/www.ecuadoraldia.com.ec\/index.php?rest_route=\/wp\/v2\/posts"}],"about":[{"href":"https:\/\/www.ecuadoraldia.com.ec\/index.php?rest_route=\/wp\/v2\/types\/post"}],"author":[{"embeddable":true,"href":"https:\/\/www.ecuadoraldia.com.ec\/index.php?rest_route=\/wp\/v2\/users\/1"}],"replies":[{"embeddable":true,"href":"https:\/\/www.ecuadoraldia.com.ec\/index.php?rest_route=%2Fwp%2Fv2%2Fcomments&post=8509"}],"version-history":[{"count":2,"href":"https:\/\/www.ecuadoraldia.com.ec\/index.php?rest_route=\/wp\/v2\/posts\/8509\/revisions"}],"predecessor-version":[{"id":8512,"href":"https:\/\/www.ecuadoraldia.com.ec\/index.php?rest_route=\/wp\/v2\/posts\/8509\/revisions\/8512"}],"wp:attachment":[{"href":"https:\/\/www.ecuadoraldia.com.ec\/index.php?rest_route=%2Fwp%2Fv2%2Fmedia&parent=8509"}],"wp:term":[{"taxonomy":"category","embeddable":true,"href":"https:\/\/www.ecuadoraldia.com.ec\/index.php?rest_route=%2Fwp%2Fv2%2Fcategories&post=8509"},{"taxonomy":"post_tag","embeddable":true,"href":"https:\/\/www.ecuadoraldia.com.ec\/index.php?rest_route=%2Fwp%2Fv2%2Ftags&post=8509"}],"curies":[{"name":"wp","href":"https:\/\/api.w.org\/{rel}","templated":true}]}}