{"id":855,"date":"2013-11-05T16:47:22","date_gmt":"2013-11-05T16:47:22","guid":{"rendered":"http:\/\/www.ecuadoraldia.com.ec\/?p=855"},"modified":"2013-11-05T16:47:22","modified_gmt":"2013-11-05T16:47:22","slug":"intercambio-comercia-para-medir-la-paz-en-frontera-sur","status":"publish","type":"post","link":"https:\/\/www.ecuadoraldia.com.ec\/?p=855","title":{"rendered":"Intercambio comercia para medir la paz en frontera sur"},"content":{"rendered":"<figure id=\"attachment_856\" aria-describedby=\"caption-attachment-856\" style=\"width: 300px\" class=\"wp-caption alignleft\"><a href=\"http:\/\/www.ecuadoraldia.com.ec\/wp-content\/uploads\/2013\/11\/ecuador-peru.jpg\"><img loading=\"lazy\" decoding=\"async\" class=\"size-medium wp-image-856\" alt=\"foto y texto andes.info\" src=\"http:\/\/www.ecuadoraldia.com.ec\/wp-content\/uploads\/2013\/11\/ecuador-peru-300x198.jpg\" width=\"300\" height=\"198\" srcset=\"https:\/\/www.ecuadoraldia.com.ec\/wp-content\/uploads\/2013\/11\/ecuador-peru-300x198.jpg 300w, https:\/\/www.ecuadoraldia.com.ec\/wp-content\/uploads\/2013\/11\/ecuador-peru.jpg 580w\" sizes=\"(max-width: 300px) 100vw, 300px\" \/><\/a><figcaption id=\"caption-attachment-856\" class=\"wp-caption-text\">foto y texto andes.info<\/figcaption><\/figure>\n<p>Loja, 04 nov (Andes).- Los ecuatorianos y peruanos que viven en la frontera de ambos pa\u00edses miden el beneficio del acuerdo de paz de 1998, con las ganancias que mensualmente obtienen en negocios instalados en los l\u00edmites geogr\u00e1ficos de sus pa\u00edses, que firmaron la paz definitiva hace 15 a\u00f1os.<\/p>\n<p>Por ejemplo, en Huaquillas, uno de los 15 municipios de la provincia de El Oro (sur costero), fronteriza con Per\u00fa, Eduardo Piedra, es un comerciante ecuatoriano con 20 a\u00f1os de experiencia en la venta y comercializaci\u00f3n de prendas de vestir y calzado de Per\u00fa. \u00c9l expuso que antes de la firma de paz, \u201cla mercader\u00eda peruana ingresaba como contrabando al pa\u00eds\u201d.<\/p>\n<p>Actualmente, comerciantes ecuatorianos y peruanos ingresan productos por un monto de hasta 2.000 d\u00f3lares libres de impuestos. Aquello mejora el intercambio comercial, cuya cifra anual creci\u00f3 16 veces en los \u00faltimos 15 a\u00f1os. Vicente Rojas Escalante, exembajador de Per\u00fa en Ecuador y actual director del Plan Binacional Capitulo-Per\u00fa, inform\u00f3 a la Agencia Andes que el intercambio comercial alcanz\u00f3 una cifra r\u00e9cord de 3.200 millones de d\u00f3lares en el 2012.<\/p>\n<p>Una muestra de esa buena relaci\u00f3n comercial desemboca en los pueblos de frontera. Rodrigo Vera, peruano, instal\u00f3 un local de comida en Macar\u00e1, uno de los 16 municipios de Loja, provincia fronteriza con Per\u00fa, en donde hace 11 a\u00f1os ofrece: cebiche, causa lime\u00f1a y papa a la huanca\u00edna, platos t\u00edpicos de ese pa\u00eds andino.<\/p>\n<p>A ese negocio se suman otras iniciativas de empresa de peruanos y ecuatorianos, quienes califican a ese acuerdo como una oportunidad para el desarrollo de las fronteras. No obstante, entre peruanos residentes en Ecuador, a\u00fan quedan recuerdos de las diferencias que hubo por el conflicto b\u00e9lico.<\/p>\n<p>Juan Carlos Vegas, peruano residente hace 22 a\u00f1os en la ciudad de Loja, es uno de los que vivi\u00f3 el antes y despu\u00e9s del acuerdo de paz. \u00c9l decidi\u00f3 estudiar Medicina en la urbe ecuatoriana por factores econ\u00f3micos y geogr\u00e1ficos. Sullana su ciudad natal est\u00e1 a 312 km de Loja, 778 km menos que la capital peruana (Lima).<\/p>\n<p>Vegas realizaba sus estudios universitarios cuando en 1995 se activ\u00f3 el conflicto, inclusive antes de ese anuncio de guerra, junto a otros de sus compatriotas, el ciudadano peruano narra que hicieron esfuerzos para cambiar el acento y evitar ser juzgados en la universidad. \u201c\u00c9ramos los enemigos, en Per\u00fa el sentimiento era similar hac\u00eda los ecuatorianos\u201d, recuerda Vegas.<\/p>\n<p>Sin embargo, 15 a\u00f1os despu\u00e9s, Ecuador y Per\u00fa trabajan para superar esas diferencias. Apuntan a la integraci\u00f3n binacional con actividades culturales y deportivas anuales. Eugenio Maury Parra, c\u00f3nsul de Per\u00fa en la zona sur de Ecuador, explica que cada a\u00f1o organizan entre 12 y 15 actividades de ese tipo. De tal modo que los peruanos ya no esconden su acento y los ecuatorianos han incluido a Per\u00fa entre sus destinos favoritos para hacer turismo.<\/p>\n<p>Anualmente 130.000 ecuatorianos visitan el vecino pa\u00eds y unos 85.000 peruanos realizan turismo en Ecuador. Para Lu\u00eds Z\u00fa\u00f1iga, soci\u00f3logo ecuatoriano, esas cifras reflejan madurez y marcan la ruta hacia el desarrollo de una identidad binacional en las fronteras.<\/p>\n<p>Diana Pereira, catedr\u00e1tica de la Universidad T\u00e9cnica Particular de Loja (UTPL), analiza la integraci\u00f3n de ambos pa\u00edses desde la \u00f3ptica internacional, asegura que los avances alcanzados son un ejemplo para el mundo, pero ella considera que a\u00fan hay problemas como el contrabando y la delincuencia a escala binacional, que requieren una lucha conjunta y en esa \u00e1rea Ecuador y Per\u00fa tienen una deuda con sus fronteras.(Andes-ecuadoraldia.com.ec)<\/p>\n<p>&nbsp;<\/p>\n","protected":false},"excerpt":{"rendered":"<p>Loja, 04 nov (Andes).- Los ecuatorianos y peruanos que viven en la frontera de ambos pa\u00edses miden el beneficio del<\/p>\n","protected":false},"author":1,"featured_media":0,"comment_status":"open","ping_status":"open","sticky":false,"template":"","format":"standard","meta":{"footnotes":""},"categories":[11],"tags":[],"_links":{"self":[{"href":"https:\/\/www.ecuadoraldia.com.ec\/index.php?rest_route=\/wp\/v2\/posts\/855"}],"collection":[{"href":"https:\/\/www.ecuadoraldia.com.ec\/index.php?rest_route=\/wp\/v2\/posts"}],"about":[{"href":"https:\/\/www.ecuadoraldia.com.ec\/index.php?rest_route=\/wp\/v2\/types\/post"}],"author":[{"embeddable":true,"href":"https:\/\/www.ecuadoraldia.com.ec\/index.php?rest_route=\/wp\/v2\/users\/1"}],"replies":[{"embeddable":true,"href":"https:\/\/www.ecuadoraldia.com.ec\/index.php?rest_route=%2Fwp%2Fv2%2Fcomments&post=855"}],"version-history":[{"count":1,"href":"https:\/\/www.ecuadoraldia.com.ec\/index.php?rest_route=\/wp\/v2\/posts\/855\/revisions"}],"predecessor-version":[{"id":857,"href":"https:\/\/www.ecuadoraldia.com.ec\/index.php?rest_route=\/wp\/v2\/posts\/855\/revisions\/857"}],"wp:attachment":[{"href":"https:\/\/www.ecuadoraldia.com.ec\/index.php?rest_route=%2Fwp%2Fv2%2Fmedia&parent=855"}],"wp:term":[{"taxonomy":"category","embeddable":true,"href":"https:\/\/www.ecuadoraldia.com.ec\/index.php?rest_route=%2Fwp%2Fv2%2Fcategories&post=855"},{"taxonomy":"post_tag","embeddable":true,"href":"https:\/\/www.ecuadoraldia.com.ec\/index.php?rest_route=%2Fwp%2Fv2%2Ftags&post=855"}],"curies":[{"name":"wp","href":"https:\/\/api.w.org\/{rel}","templated":true}]}}