{"id":858,"date":"2013-11-06T22:46:21","date_gmt":"2013-11-06T22:46:21","guid":{"rendered":"http:\/\/www.ecuadoraldia.com.ec\/?p=858"},"modified":"2013-11-06T22:46:21","modified_gmt":"2013-11-06T22:46:21","slug":"correa-apela-en-paris-a-que-europa-no-repita-los-errores-de-latinoamerica","status":"publish","type":"post","link":"https:\/\/www.ecuadoraldia.com.ec\/?p=858","title":{"rendered":"Correa apela en Par\u00eds a que Europa no repita los errores de Latinoam\u00e9rica"},"content":{"rendered":"<p><a href=\"http:\/\/www.ecuadoraldia.com.ec\/wp-content\/uploads\/2013\/11\/correa-paris.png\"><img loading=\"lazy\" decoding=\"async\" class=\"alignleft size-medium wp-image-859\" alt=\"correa paris\" src=\"http:\/\/www.ecuadoraldia.com.ec\/wp-content\/uploads\/2013\/11\/correa-paris-300x202.png\" width=\"300\" height=\"202\" srcset=\"https:\/\/www.ecuadoraldia.com.ec\/wp-content\/uploads\/2013\/11\/correa-paris-300x202.png 300w, https:\/\/www.ecuadoraldia.com.ec\/wp-content\/uploads\/2013\/11\/correa-paris.png 726w\" sizes=\"(max-width: 300px) 100vw, 300px\" \/><\/a>Agencia EFE. El presidente ecuatoriano, Rafael Correa, apel\u00f3 hoy en Par\u00eds a Europa a no repetir los errores cometidos por Latinoam\u00e9rica para salir de la actual crisis econ\u00f3mica.<\/p>\n<p>\u00abAm\u00e9rica Latina es experta en crisis, porque las ha conocido todas\u00bb, afirm\u00f3 Correa ante estudiantes franceses durante la conferencia que pronunci\u00f3 en la Universidad de La Sorbona, en la primera jornada de su visita oficial a Francia y poco despu\u00e9s de haberse reunido con el primer ministro galo, Jean-Marc Ayrault.<\/p>\n<p>Muy aplaudido, el presidente ecuatoriano compar\u00f3 la actual crisis de la deuda que vive Europa con la que atraves\u00f3 Latinoam\u00e9rica en los a\u00f1os 90 y lament\u00f3 que se est\u00e9n aplicando las mismas recetas.<\/p>\n<p>En su opini\u00f3n, esas soluciones \u00abest\u00e1n retrasando la salida de la crisis\u00bb y \u00abtienen un elevado coste social\u00bb.<\/p>\n<p>Correa asegur\u00f3 que el neoliberalismo ha logrado convencer a los ciudadanos de que \u00abno hay m\u00e1s salida\u00bb que la que sus defensores proponen y estos han logrado que se confunda \u00abla pol\u00edtica econ\u00f3mica con la t\u00e9cnica\u00bb.<\/p>\n<p>\u00abSe siguen aplicando m\u00e9todos ortodoxos que han fracasado en todo el mundo y que tienen elevadas consecuencias sociales\u00bb, asegur\u00f3.<\/p>\n<p>Recordando los casos de Grecia, Portugal, Chipre, Espa\u00f1a o Italia, Correa asegur\u00f3 que las soluciones aportadas \u00abno persegu\u00edan salir de la crisis, sino garantizar el pago de los intereses de la deuda que ten\u00edan con bancos privados\u00bb.<\/p>\n<p>En el caso espa\u00f1ol, la falta de regulaci\u00f3n de los mercados financieros provoc\u00f3 la crisis inmobiliaria del pa\u00eds, seg\u00fan Correa, quien dijo que ha generado la situaci\u00f3n \u00ababerrante de que haya gente que necesite viviendas y no tiene viviendas, mientras que hay bancos que no necesitan viviendas y tienen muchas viviendas\u00bb.<\/p>\n<p>El presidente ecuatoriano asegur\u00f3 que, en esos pa\u00edses, se justifican los recortes en sanidad y educaci\u00f3n por falta de recursos, pero se\u00f1al\u00f3 que el dinero dedicado a salvar al sector financiero bastar\u00eda para mantener esos servicios sociales.<\/p>\n<p>Correa apel\u00f3 a los pa\u00edses europeos en crisis \u00aba no hacer el m\u00e1s m\u00ednimo caso al Fondo Monetario Internacional (FMI)\u00bb.<\/p>\n<p>\u00abDesde que en Ecuador no les hacemos caso, somos el pa\u00eds que m\u00e1s crece, el que m\u00e1s desigualdades reduce, el que m\u00e1s pobreza reduce\u00bb, asegur\u00f3 Correa, que se\u00f1al\u00f3 que \u00abincluso algunos hablan de milagro ecuatoriano\u00bb.<\/p>\n<p>Tambi\u00e9n se\u00f1al\u00f3 que su Gobierno \u00abha hecho lo contrario de lo que dec\u00eda el FMI, de la econom\u00eda ortodoxa\u00bb y asegur\u00f3 que pa\u00edses como Espa\u00f1a \u00abest\u00e1n desgraciadamente haci\u00e9ndoles caso\u00bb.<\/p>\n<p>Puso como ejemplo los salarios y record\u00f3 que el FMI recomienda reducirlos para crear empleo.<\/p>\n<p>\u00abNosotros los hemos subido, son los m\u00e1s altos de la historia de Ecuador, permite por vez primera a los hogares pagar la cesta de la compra y tenemos la tasa de paro m\u00e1s baja de la regi\u00f3n, el 4,1 por ciento\u00bb, coment\u00f3.<\/p>\n<p>Profesor de econom\u00eda antes de entrar en pol\u00edtica, Correa acus\u00f3 a los organismos internacionales, como el FMI y el Banco Mundial \u00abde confundir ciencia econ\u00f3mica con ideolog\u00eda\u00bb.<\/p>\n<p>\u00abCon la complicidad de la finanza, muchos ciudadanos est\u00e1n convencidos de que no hay otra alternativa. Hay alternativas\u00bb, areng\u00f3 Correa ante los aplausos de los asistentes.<\/p>\n<p>\u00abLa soluci\u00f3n de la crisis pasa por el control de los capitales por parte de los ciudadanos. Deben imponer la supremac\u00eda de los seres humanos sobre el capital, de las sociedades sobre los mercados\u00bb, recomend\u00f3 a los pa\u00edses europeos.<\/p>\n<p>Correa acus\u00f3 al capitalismo financiero de haber provocado la crisis y de ser el principal obst\u00e1culo para superarla.<\/p>\n<p>\u00abNos han hecho creer que la econom\u00eda era solo t\u00e9cnica, ha disfrazado la ideolog\u00eda de ciencia. Pero, en realidad, el problema es pol\u00edtico y reposa en la relaci\u00f3n de fuerzas, en quien tiene el poder\u00bb, afirm\u00f3 el mandatario.<\/p>\n<p>El presidente ecuatoriano proseguir\u00e1 ma\u00f1ana su visita a Francia, cuando tiene previsto entrevistarse con su hom\u00f3logo franc\u00e9s, Fran\u00e7ois Hollande.<\/p>\n<p>Antes, mantendr\u00e1 un encuentro con empresarios franceses y, posteriormente, pronunciar\u00e1 un discurso ante la Conferencia General de la Organizaci\u00f3n de la ONU para la Educaci\u00f3n, la Ciencia y la Cultura (Unesco), que tiene su sede en la capital francesa.<\/p>\n","protected":false},"excerpt":{"rendered":"<p>Agencia EFE. El presidente ecuatoriano, Rafael Correa, apel\u00f3 hoy en Par\u00eds a Europa a no repetir los errores cometidos por<\/p>\n","protected":false},"author":1,"featured_media":0,"comment_status":"open","ping_status":"open","sticky":false,"template":"","format":"standard","meta":{"footnotes":""},"categories":[1],"tags":[],"_links":{"self":[{"href":"https:\/\/www.ecuadoraldia.com.ec\/index.php?rest_route=\/wp\/v2\/posts\/858"}],"collection":[{"href":"https:\/\/www.ecuadoraldia.com.ec\/index.php?rest_route=\/wp\/v2\/posts"}],"about":[{"href":"https:\/\/www.ecuadoraldia.com.ec\/index.php?rest_route=\/wp\/v2\/types\/post"}],"author":[{"embeddable":true,"href":"https:\/\/www.ecuadoraldia.com.ec\/index.php?rest_route=\/wp\/v2\/users\/1"}],"replies":[{"embeddable":true,"href":"https:\/\/www.ecuadoraldia.com.ec\/index.php?rest_route=%2Fwp%2Fv2%2Fcomments&post=858"}],"version-history":[{"count":1,"href":"https:\/\/www.ecuadoraldia.com.ec\/index.php?rest_route=\/wp\/v2\/posts\/858\/revisions"}],"predecessor-version":[{"id":860,"href":"https:\/\/www.ecuadoraldia.com.ec\/index.php?rest_route=\/wp\/v2\/posts\/858\/revisions\/860"}],"wp:attachment":[{"href":"https:\/\/www.ecuadoraldia.com.ec\/index.php?rest_route=%2Fwp%2Fv2%2Fmedia&parent=858"}],"wp:term":[{"taxonomy":"category","embeddable":true,"href":"https:\/\/www.ecuadoraldia.com.ec\/index.php?rest_route=%2Fwp%2Fv2%2Fcategories&post=858"},{"taxonomy":"post_tag","embeddable":true,"href":"https:\/\/www.ecuadoraldia.com.ec\/index.php?rest_route=%2Fwp%2Fv2%2Ftags&post=858"}],"curies":[{"name":"wp","href":"https:\/\/api.w.org\/{rel}","templated":true}]}}