{"id":861,"date":"2013-11-06T22:48:07","date_gmt":"2013-11-06T22:48:07","guid":{"rendered":"http:\/\/www.ecuadoraldia.com.ec\/?p=861"},"modified":"2013-11-06T22:48:07","modified_gmt":"2013-11-06T22:48:07","slug":"fidel-araujo-es-declarado-culpable-de-incitar-a-la-rebelion","status":"publish","type":"post","link":"https:\/\/www.ecuadoraldia.com.ec\/?p=861","title":{"rendered":"Fidel Araujo es declarado culpable de incitar a la rebeli\u00f3n"},"content":{"rendered":"<p><a href=\"http:\/\/www.ecuadoraldia.com.ec\/wp-content\/uploads\/2013\/11\/fidel.png\"><img loading=\"lazy\" decoding=\"async\" class=\"alignleft size-medium wp-image-862\" alt=\"fidel\" src=\"http:\/\/www.ecuadoraldia.com.ec\/wp-content\/uploads\/2013\/11\/fidel-300x201.png\" width=\"300\" height=\"201\" srcset=\"https:\/\/www.ecuadoraldia.com.ec\/wp-content\/uploads\/2013\/11\/fidel-300x201.png 300w, https:\/\/www.ecuadoraldia.com.ec\/wp-content\/uploads\/2013\/11\/fidel.png 450w\" sizes=\"(max-width: 300px) 100vw, 300px\" \/><\/a>En primera instancia, el Tribunal Quinto de Garant\u00edas Penales de Pichincha declar\u00f3 culpable al exmilitante del Partido Sociedad Patri\u00f3tica (PSP), Fidel Araujo, por el delito de incitaci\u00f3n a la rebeli\u00f3n e indisciplina de la fuerza p\u00fablica, durante los hechos acaecidos el 30 de septiembre del 2010.<\/p>\n<p>El abogado defensor Reinaldo Zambrano indic\u00f3 que \u00abel tribunal, luego de deliberar decidi\u00f3 la culpabilidad del mayor (retirado del Ej\u00e9rcito) Araujo\u00bb. Dijo que la decisi\u00f3n se da \u00absin que exista ninguna prueba sobre la existencia material de la infracci\u00f3n, ni de la responsabilidad del procesado\u00bb.<\/p>\n<p>A\u00f1adi\u00f3 que seguir\u00e1n presentando los recursos que les permita la ley \u00aba fin de hacer valer los derechos constitucionales\u00bb de su defendido.<\/p>\n<p>Entre ayer y hoy acudieron alrededor de 30 testigos tanto de la Fiscal\u00eda, acusaci\u00f3n particular, y de la defensa, para determinar la culpabilidad de Araujo. La diligencia se desarroll\u00f3 en forma reservada.<\/p>\n<p>Muy tranquilo y relajado, Fidel Araujo lleg\u00f3 puntual a las 8:00 de este mi\u00e9rcoles. En sus declaraciones antes de la reinstalaci\u00f3n de la diligencia manifest\u00f3 estar satisfecho con la actuaci\u00f3n de los administradores de justicia en la evaluaci\u00f3n de las pruebas presentadas ayer.<\/p>\n<p>Hab\u00eda se\u00f1alado que en caso de que el fallo no sea a su favor, confiaba en que vive en un Estado democr\u00e1tico e independiente, y que continuar\u00eda con las herramientas que le brinda el debido proceso.<\/p>\n<p>La sentencia puede ser apelada por la defensa o la parte acusadora en el plazo de tres d\u00edas, que se contabilizan desde la notificaci\u00f3n de la resoluci\u00f3n en los casilleros judiciales de los abogados.<\/p>\n<p>Lo que dice el C\u00f3digo Penal<\/p>\n<p>Art. 146 \u201cEl que incitare a la rebeli\u00f3n o indisciplina de la Fuerza P\u00fablica, ser\u00e1 reprimido con prisi\u00f3n de dos a cinco a\u00f1os; si como consecuencia de la iniciativa resultare un conflicto en el cual se produjeren lesiones a personas, la pena ser\u00e1 de reclusi\u00f3n menor de tres a seis a\u00f1os; y, si se produjere la muerte de una o m\u00e1s personas, la pena ser\u00e1 de seis a nueve a\u00f1os de reclusi\u00f3n menor ordinaria\u201d.<\/p>\n<p>Antecedentes<\/p>\n<p>En marzo del 2011, Araujo fue liberado de culpas por el Tribunal Cuarto de lo Penal, pero la Fiscal\u00eda apel\u00f3 el dictamen y present\u00f3 un recurso de nulidad por violaci\u00f3n de las normas de procedimiento por parte de los jueces, debido a que la audiencia debi\u00f3 ser reservada por tratarse de un delito contra la seguridad del Estado.<\/p>\n<p>Por tal motivo, la Segunda Sala Penal de la Corte de Justicia de Pichincha acept\u00f3 el tr\u00e1mite y declar\u00f3 la nulidad, por lo que se volvi\u00f3 a sortear la causa. La defensa interpuso un recurso de revocatoria y una acci\u00f3n de protecci\u00f3n. Ambas acciones fueron negadas.<\/p>\n<p>A este nuevo juicio, que recay\u00f3 en el Tribunal Quinto Penal de Pichincha, estuvieron convocados cerca de 40 testigos. Uno de los primeros en declarar fue el ministro del Interior, Jos\u00e9 Serrano.<\/p>\n<p>&nbsp;<\/p>\n","protected":false},"excerpt":{"rendered":"<p>En primera instancia, el Tribunal Quinto de Garant\u00edas Penales de Pichincha declar\u00f3 culpable al exmilitante del Partido Sociedad Patri\u00f3tica (PSP),<\/p>\n","protected":false},"author":1,"featured_media":0,"comment_status":"open","ping_status":"open","sticky":false,"template":"","format":"standard","meta":{"footnotes":""},"categories":[1],"tags":[],"_links":{"self":[{"href":"https:\/\/www.ecuadoraldia.com.ec\/index.php?rest_route=\/wp\/v2\/posts\/861"}],"collection":[{"href":"https:\/\/www.ecuadoraldia.com.ec\/index.php?rest_route=\/wp\/v2\/posts"}],"about":[{"href":"https:\/\/www.ecuadoraldia.com.ec\/index.php?rest_route=\/wp\/v2\/types\/post"}],"author":[{"embeddable":true,"href":"https:\/\/www.ecuadoraldia.com.ec\/index.php?rest_route=\/wp\/v2\/users\/1"}],"replies":[{"embeddable":true,"href":"https:\/\/www.ecuadoraldia.com.ec\/index.php?rest_route=%2Fwp%2Fv2%2Fcomments&post=861"}],"version-history":[{"count":1,"href":"https:\/\/www.ecuadoraldia.com.ec\/index.php?rest_route=\/wp\/v2\/posts\/861\/revisions"}],"predecessor-version":[{"id":863,"href":"https:\/\/www.ecuadoraldia.com.ec\/index.php?rest_route=\/wp\/v2\/posts\/861\/revisions\/863"}],"wp:attachment":[{"href":"https:\/\/www.ecuadoraldia.com.ec\/index.php?rest_route=%2Fwp%2Fv2%2Fmedia&parent=861"}],"wp:term":[{"taxonomy":"category","embeddable":true,"href":"https:\/\/www.ecuadoraldia.com.ec\/index.php?rest_route=%2Fwp%2Fv2%2Fcategories&post=861"},{"taxonomy":"post_tag","embeddable":true,"href":"https:\/\/www.ecuadoraldia.com.ec\/index.php?rest_route=%2Fwp%2Fv2%2Ftags&post=861"}],"curies":[{"name":"wp","href":"https:\/\/api.w.org\/{rel}","templated":true}]}}