{"id":864,"date":"2013-11-06T22:50:04","date_gmt":"2013-11-06T22:50:04","guid":{"rendered":"http:\/\/www.ecuadoraldia.com.ec\/?p=864"},"modified":"2013-11-06T22:50:04","modified_gmt":"2013-11-06T22:50:04","slug":"autoridades-exponen-sobre-comunicacion-en-encuentro-latinoamericano","status":"publish","type":"post","link":"https:\/\/www.ecuadoraldia.com.ec\/?p=864","title":{"rendered":"Autoridades exponen sobre comunicaci\u00f3n en encuentro latinoamericano"},"content":{"rendered":"<p><a href=\"http:\/\/www.ecuadoraldia.com.ec\/wp-content\/uploads\/2013\/11\/comunicacion.png\"><img loading=\"lazy\" decoding=\"async\" class=\"alignleft size-medium wp-image-865\" alt=\"comunicacion\" src=\"http:\/\/www.ecuadoraldia.com.ec\/wp-content\/uploads\/2013\/11\/comunicacion-300x193.png\" width=\"300\" height=\"193\" srcset=\"https:\/\/www.ecuadoraldia.com.ec\/wp-content\/uploads\/2013\/11\/comunicacion-300x193.png 300w, https:\/\/www.ecuadoraldia.com.ec\/wp-content\/uploads\/2013\/11\/comunicacion.png 450w\" sizes=\"(max-width: 300px) 100vw, 300px\" \/><\/a><br \/>\nEn el Encuentro Latinoamericano \u00abDemocratizar la palabra en la integraci\u00f3n de los pueblos\u00bb, autoridades del pa\u00eds dieron a conocer sus criterios acerca de la vigencia de la Ley de Comunicaci\u00f3n y sus aportes para lograr una sociedad m\u00e1s participativa.<\/p>\n<p>Fernando Alvarado, secretario de Comunicaci\u00f3n, dijo que el gobierno ha trabajado en abrir espacios para otros medios de comunicaci\u00f3n ya sean p\u00fablicos o comunitarios. Acot\u00f3 que esto es bueno, pero con el tiempo, los medios no deben depender del gobierno de turno y que tampoco el Estado debe velar por su existencia, \u00absino que la sociedad debe exigir que existan\u00bb.<\/p>\n<p>Indic\u00f3 que esa confrontaci\u00f3n entre medios p\u00fablicos y privados ha sido desigual, pero que a partir de la promulgaci\u00f3n de la Ley se equipar\u00f3 \u00abde igual a igual\u00bb el ejercicio de la comunicaci\u00f3n.<\/p>\n<p>Roberto Wolgemunht, integrante del Consejo de Regulaci\u00f3n de la Comunicaci\u00f3n, habl\u00f3 de la distribuci\u00f3n del espectro radioel\u00e9ctrico que, a su criterio, va a permitir una variedad de contenidos \u00abque determinar\u00e1n una sociedad m\u00e1s participativa en el campo de la comunicaci\u00f3n y que eso generar\u00e1 integraci\u00f3n entre los pueblos\u00bb.<\/p>\n<p>Carlos Ochoa, superintendente de Comunicaci\u00f3n, fue claro al respecto y precis\u00f3 que \u00ablos mecenazgos no funcionan\u00bb. A\u00f1adi\u00f3 que est\u00e1 bien que se patrocinen los medios, \u00abpero que deben ser sustentables para que as\u00ed, ni sus agendas ni su supervivencia, dependan de agentes externos sino de s\u00ed mismos\u00bb.<\/p>\n<p>Al finalizar el encuentro, Alvarado invit\u00f3 a los participantes a que el debate pase a la materializaci\u00f3n.<br \/>\nEtiquetas: foro, Ley de Comunicaci\u00f3n<\/p>\n<p>&nbsp;<\/p>\n<p>&nbsp;<\/p>\n<p>&nbsp;<\/p>\n","protected":false},"excerpt":{"rendered":"<p>En el Encuentro Latinoamericano \u00abDemocratizar la palabra en la integraci\u00f3n de los pueblos\u00bb, autoridades del pa\u00eds dieron a conocer sus<\/p>\n","protected":false},"author":1,"featured_media":0,"comment_status":"open","ping_status":"open","sticky":false,"template":"","format":"standard","meta":{"footnotes":""},"categories":[1],"tags":[],"_links":{"self":[{"href":"https:\/\/www.ecuadoraldia.com.ec\/index.php?rest_route=\/wp\/v2\/posts\/864"}],"collection":[{"href":"https:\/\/www.ecuadoraldia.com.ec\/index.php?rest_route=\/wp\/v2\/posts"}],"about":[{"href":"https:\/\/www.ecuadoraldia.com.ec\/index.php?rest_route=\/wp\/v2\/types\/post"}],"author":[{"embeddable":true,"href":"https:\/\/www.ecuadoraldia.com.ec\/index.php?rest_route=\/wp\/v2\/users\/1"}],"replies":[{"embeddable":true,"href":"https:\/\/www.ecuadoraldia.com.ec\/index.php?rest_route=%2Fwp%2Fv2%2Fcomments&post=864"}],"version-history":[{"count":1,"href":"https:\/\/www.ecuadoraldia.com.ec\/index.php?rest_route=\/wp\/v2\/posts\/864\/revisions"}],"predecessor-version":[{"id":866,"href":"https:\/\/www.ecuadoraldia.com.ec\/index.php?rest_route=\/wp\/v2\/posts\/864\/revisions\/866"}],"wp:attachment":[{"href":"https:\/\/www.ecuadoraldia.com.ec\/index.php?rest_route=%2Fwp%2Fv2%2Fmedia&parent=864"}],"wp:term":[{"taxonomy":"category","embeddable":true,"href":"https:\/\/www.ecuadoraldia.com.ec\/index.php?rest_route=%2Fwp%2Fv2%2Fcategories&post=864"},{"taxonomy":"post_tag","embeddable":true,"href":"https:\/\/www.ecuadoraldia.com.ec\/index.php?rest_route=%2Fwp%2Fv2%2Ftags&post=864"}],"curies":[{"name":"wp","href":"https:\/\/api.w.org\/{rel}","templated":true}]}}