{"id":871,"date":"2013-11-07T21:44:01","date_gmt":"2013-11-07T21:44:01","guid":{"rendered":"http:\/\/www.ecuadoraldia.com.ec\/?p=871"},"modified":"2013-11-07T21:44:01","modified_gmt":"2013-11-07T21:44:01","slug":"inicia-campana-de-vacunacion-contra-la-gripe","status":"publish","type":"post","link":"https:\/\/www.ecuadoraldia.com.ec\/?p=871","title":{"rendered":"Inicia campa\u00f1a de vacunaci\u00f3n contra la gripe"},"content":{"rendered":"<p><a href=\"http:\/\/www.ecuadoraldia.com.ec\/wp-content\/uploads\/2013\/11\/vacunas.png\"><img loading=\"lazy\" decoding=\"async\" class=\"alignleft size-medium wp-image-872\" alt=\"vacunas\" src=\"http:\/\/www.ecuadoraldia.com.ec\/wp-content\/uploads\/2013\/11\/vacunas-300x224.png\" width=\"300\" height=\"224\" srcset=\"https:\/\/www.ecuadoraldia.com.ec\/wp-content\/uploads\/2013\/11\/vacunas-300x224.png 300w, https:\/\/www.ecuadoraldia.com.ec\/wp-content\/uploads\/2013\/11\/vacunas.png 450w\" sizes=\"(max-width: 300px) 100vw, 300px\" \/><\/a>El Ministerio de Salud P\u00fablica (MSP) inici\u00f3 la campa\u00f1a contra la influenza, la cual se llevar\u00e1 a cabo durante dos meses. El lanzamiento se realiz\u00f3 esta ma\u00f1ana en el Centro de Salud N\u00ba 7 Eplicachima, en el Barrio Lucha de los Pobres, al sur de Quito.<\/p>\n<p>Carina Vance, ministra de Salud, explic\u00f3 que desde el pr\u00f3ximo lunes 11 de noviembre las personas, especialmente de la tercera edad, pueden acudir a los centros m\u00e9dicos para recibir su dosis de forma gratuita. Reiter\u00f3 que es una campa\u00f1a que se la realiza de forma anual, puesto que tiene la intenci\u00f3n de prevenir de las molestias causadas por la influenza (gripe) e incluso ayudar en la prevenci\u00f3n del virus AH1N1.<\/p>\n<p>\u00abDesde 2012 hemos incorporado esta metodolog\u00eda para prevenir el virus AH1N1, pero este a\u00f1o se ha fortalecido tomando en cuenta que en el pa\u00eds se registraron alrededor de 45 fallecidos\u00bb, dijo.<\/p>\n<p>Vance record\u00f3 que en 2012 fueron inmunizadas 3,5 millones de personas, pero para este a\u00f1o est\u00e1 programado llegar a 3,7 millones de personas. \u00abLa meta en general es llegar a vacunar a 5 millones de personas, por ello en caso de que se cumpla con este objetivo, el Ministerio de Salud est\u00e1 en la capacidad de incrementar las dosis para abastecer la demanda\u00bb, se\u00f1al\u00f3.<\/p>\n<p>Para cumplir con esta iniciativa se han invertido m\u00e1s de 13 millones de d\u00f3lares.<\/p>\n<p>En el centro de Salud N\u00ba 7, alrededor de 150 adultos mayores acudieron para ser inmunizados. Solo hicieron fila y en menos de 5 minutos recibieron la dosis. Gloria Calacala, vacunadora del \u00c1rea de Salud Eplicachima, inform\u00f3 que la atenci\u00f3n para recibir la dosis ser\u00e1 entre las 07:30 y las 16:00.<\/p>\n<p>Vance indic\u00f3 que las dosis son modificadas de acuerdo al perfil de virus del Ecuador. Es decir que se determin\u00f3 cu\u00e1les son los microorganismos m\u00e1s potentes para elaborar las vacunas.(El tel\u00e9grafo y ecuadoraldia.com.ec)<\/p>\n","protected":false},"excerpt":{"rendered":"<p>El Ministerio de Salud P\u00fablica (MSP) inici\u00f3 la campa\u00f1a contra la influenza, la cual se llevar\u00e1 a cabo durante dos<\/p>\n","protected":false},"author":1,"featured_media":0,"comment_status":"open","ping_status":"open","sticky":false,"template":"","format":"standard","meta":{"footnotes":""},"categories":[11],"tags":[],"_links":{"self":[{"href":"https:\/\/www.ecuadoraldia.com.ec\/index.php?rest_route=\/wp\/v2\/posts\/871"}],"collection":[{"href":"https:\/\/www.ecuadoraldia.com.ec\/index.php?rest_route=\/wp\/v2\/posts"}],"about":[{"href":"https:\/\/www.ecuadoraldia.com.ec\/index.php?rest_route=\/wp\/v2\/types\/post"}],"author":[{"embeddable":true,"href":"https:\/\/www.ecuadoraldia.com.ec\/index.php?rest_route=\/wp\/v2\/users\/1"}],"replies":[{"embeddable":true,"href":"https:\/\/www.ecuadoraldia.com.ec\/index.php?rest_route=%2Fwp%2Fv2%2Fcomments&post=871"}],"version-history":[{"count":2,"href":"https:\/\/www.ecuadoraldia.com.ec\/index.php?rest_route=\/wp\/v2\/posts\/871\/revisions"}],"predecessor-version":[{"id":874,"href":"https:\/\/www.ecuadoraldia.com.ec\/index.php?rest_route=\/wp\/v2\/posts\/871\/revisions\/874"}],"wp:attachment":[{"href":"https:\/\/www.ecuadoraldia.com.ec\/index.php?rest_route=%2Fwp%2Fv2%2Fmedia&parent=871"}],"wp:term":[{"taxonomy":"category","embeddable":true,"href":"https:\/\/www.ecuadoraldia.com.ec\/index.php?rest_route=%2Fwp%2Fv2%2Fcategories&post=871"},{"taxonomy":"post_tag","embeddable":true,"href":"https:\/\/www.ecuadoraldia.com.ec\/index.php?rest_route=%2Fwp%2Fv2%2Ftags&post=871"}],"curies":[{"name":"wp","href":"https:\/\/api.w.org\/{rel}","templated":true}]}}