{"id":879,"date":"2013-11-07T21:55:37","date_gmt":"2013-11-07T21:55:37","guid":{"rendered":"http:\/\/www.ecuadoraldia.com.ec\/?p=879"},"modified":"2013-11-07T21:55:37","modified_gmt":"2013-11-07T21:55:37","slug":"bloque-oficialista-debatira-nudos-criticos-del-coip-en-una-plenaria-la-proxima-semana","status":"publish","type":"post","link":"https:\/\/www.ecuadoraldia.com.ec\/?p=879","title":{"rendered":"Bloque oficialista debatir\u00e1 nudos cr\u00edticos del COIP en una plenaria la pr\u00f3xima semana"},"content":{"rendered":"<p><a href=\"http:\/\/www.ecuadoraldia.com.ec\/wp-content\/uploads\/2013\/11\/pais-.jpg\"><img loading=\"lazy\" decoding=\"async\" class=\"alignleft size-medium wp-image-880\" alt=\"pais-\" src=\"http:\/\/www.ecuadoraldia.com.ec\/wp-content\/uploads\/2013\/11\/pais--300x168.jpg\" width=\"300\" height=\"168\" srcset=\"https:\/\/www.ecuadoraldia.com.ec\/wp-content\/uploads\/2013\/11\/pais--300x168.jpg 300w, https:\/\/www.ecuadoraldia.com.ec\/wp-content\/uploads\/2013\/11\/pais-.jpg 426w\" sizes=\"(max-width: 300px) 100vw, 300px\" \/><\/a>Los legisladores continuaron hoy con el debate del C\u00f3digo Penal, en el Hotel Quito. Foto: \u00c1lvaro P\u00e9rez\/ El Tel\u00e9grafo<br \/>\nLos legisladores continuaron hoy con el debate del C\u00f3digo Penal, en el Hotel Quito. Foto: \u00c1lvaro P\u00e9rez\/ El Tel\u00e9grafo<br \/>\nLos asamble\u00edstas de PAIS continuaron hoy con el debate del C\u00f3digo Org\u00e1nico Integral Penal (COIP). Los legisladores se re\u00fanen desde el mi\u00e9rcoles en el Hotel Quito para debatir los que consideran los puntos cr\u00edticos de la normativa. Para ello, los asamble\u00edstas se dividieron en cuatro grupos, que analizan los libros Preliminar, Primero, Segundo, Tercero y disposiciones.<\/p>\n<p>La pr\u00f3xima semana se reunir\u00edan en una plenaria para ver los cambios definitivos y aprobarlos de manera coordinada con representantes del Estado.<\/p>\n<p>La mala pr\u00e1ctica m\u00e9dica no es el \u00fanico tema que preocupa a los legisladores, en estas sesiones, seg\u00fan el asamble\u00edsta Virgilio Hern\u00e1ndez encontraron nuevos temas que se analizan. Entre ellos, Hern\u00e1ndez cont\u00f3 la expulsi\u00f3n de extranjeros que tenga una pena de cinco a\u00f1os. A su criterio este articulado debe eliminarse.<\/p>\n<p>A Jos\u00e9 Zapata, asamble\u00edsta por Los R\u00edos, le preocupa las sanciones a las operadoras de transportistas en caso de que un automotor de servicio p\u00fablico provoque el fallecimiento de una persona. Considera que se debe analizar esta decisi\u00f3n y que por el problema que tenga un transportista no se puede culpar -a su criterio- a 75 socios que tienen las compa\u00f1\u00edas.<\/p>\n<p>La pr\u00f3xima semana, la bancada tomar\u00e1 una decisi\u00f3n.<\/p>\n<p>La presidenta de la Asamblea, Gabriela Rivadeneira, dijo que espera tener lista la normativa hasta el 28 de noviembre.<\/p>\n","protected":false},"excerpt":{"rendered":"<p>Los legisladores continuaron hoy con el debate del C\u00f3digo Penal, en el Hotel Quito. Foto: \u00c1lvaro P\u00e9rez\/ El Tel\u00e9grafo Los<\/p>\n","protected":false},"author":1,"featured_media":0,"comment_status":"open","ping_status":"open","sticky":false,"template":"","format":"standard","meta":{"footnotes":""},"categories":[1],"tags":[],"_links":{"self":[{"href":"https:\/\/www.ecuadoraldia.com.ec\/index.php?rest_route=\/wp\/v2\/posts\/879"}],"collection":[{"href":"https:\/\/www.ecuadoraldia.com.ec\/index.php?rest_route=\/wp\/v2\/posts"}],"about":[{"href":"https:\/\/www.ecuadoraldia.com.ec\/index.php?rest_route=\/wp\/v2\/types\/post"}],"author":[{"embeddable":true,"href":"https:\/\/www.ecuadoraldia.com.ec\/index.php?rest_route=\/wp\/v2\/users\/1"}],"replies":[{"embeddable":true,"href":"https:\/\/www.ecuadoraldia.com.ec\/index.php?rest_route=%2Fwp%2Fv2%2Fcomments&post=879"}],"version-history":[{"count":2,"href":"https:\/\/www.ecuadoraldia.com.ec\/index.php?rest_route=\/wp\/v2\/posts\/879\/revisions"}],"predecessor-version":[{"id":882,"href":"https:\/\/www.ecuadoraldia.com.ec\/index.php?rest_route=\/wp\/v2\/posts\/879\/revisions\/882"}],"wp:attachment":[{"href":"https:\/\/www.ecuadoraldia.com.ec\/index.php?rest_route=%2Fwp%2Fv2%2Fmedia&parent=879"}],"wp:term":[{"taxonomy":"category","embeddable":true,"href":"https:\/\/www.ecuadoraldia.com.ec\/index.php?rest_route=%2Fwp%2Fv2%2Fcategories&post=879"},{"taxonomy":"post_tag","embeddable":true,"href":"https:\/\/www.ecuadoraldia.com.ec\/index.php?rest_route=%2Fwp%2Fv2%2Ftags&post=879"}],"curies":[{"name":"wp","href":"https:\/\/api.w.org\/{rel}","templated":true}]}}