{"id":884,"date":"2013-11-12T22:42:15","date_gmt":"2013-11-12T22:42:15","guid":{"rendered":"http:\/\/www.ecuadoraldia.com.ec\/?p=884"},"modified":"2013-11-12T22:42:15","modified_gmt":"2013-11-12T22:42:15","slug":"decomisan-en-panama-200-kilos-de-cocaina-proveniente-de-ecuador","status":"publish","type":"post","link":"https:\/\/www.ecuadoraldia.com.ec\/?p=884","title":{"rendered":"Decomisan en Panam\u00e1 200 kilos de coca\u00edna proveniente de Ecuador"},"content":{"rendered":"<p>Los inspectores de la Unidad T\u00e9cnica de Control de Contenedores de Autoridad Nacional de Aduanas (ANA) abordaron este lunes el buque en el Puerto de Balboa, en el sector Pac\u00edfico del Canal de Panam\u00e1, tras recibir una alerta internacional sobre uno de los contenedores con bananos, indic\u00f3 un comunicado de la entidad aduanera paname\u00f1a.<\/p>\n<p>En ese contenedor, los agentes de Aduanas descubrieron un doble fondo en el que hab\u00eda varios bultos que conten\u00edan los 200 kilos de coca\u00edna.<\/p>\n<p>Los paquetes con la droga se encuentran bajo las \u00f3rdenes de la Fiscal\u00eda de Drogas paras las investigaciones pertinentes, se\u00f1ala el comunicado de la ANA, que no precisa si hay detenidos por este caso.( EFE y ecuadoraldia.com.ec.)<\/p>\n","protected":false},"excerpt":{"rendered":"<p>Los inspectores de la Unidad T\u00e9cnica de Control de Contenedores de Autoridad Nacional de Aduanas (ANA) abordaron este lunes el<\/p>\n","protected":false},"author":1,"featured_media":0,"comment_status":"open","ping_status":"open","sticky":false,"template":"","format":"standard","meta":{"footnotes":""},"categories":[7],"tags":[],"_links":{"self":[{"href":"https:\/\/www.ecuadoraldia.com.ec\/index.php?rest_route=\/wp\/v2\/posts\/884"}],"collection":[{"href":"https:\/\/www.ecuadoraldia.com.ec\/index.php?rest_route=\/wp\/v2\/posts"}],"about":[{"href":"https:\/\/www.ecuadoraldia.com.ec\/index.php?rest_route=\/wp\/v2\/types\/post"}],"author":[{"embeddable":true,"href":"https:\/\/www.ecuadoraldia.com.ec\/index.php?rest_route=\/wp\/v2\/users\/1"}],"replies":[{"embeddable":true,"href":"https:\/\/www.ecuadoraldia.com.ec\/index.php?rest_route=%2Fwp%2Fv2%2Fcomments&post=884"}],"version-history":[{"count":2,"href":"https:\/\/www.ecuadoraldia.com.ec\/index.php?rest_route=\/wp\/v2\/posts\/884\/revisions"}],"predecessor-version":[{"id":886,"href":"https:\/\/www.ecuadoraldia.com.ec\/index.php?rest_route=\/wp\/v2\/posts\/884\/revisions\/886"}],"wp:attachment":[{"href":"https:\/\/www.ecuadoraldia.com.ec\/index.php?rest_route=%2Fwp%2Fv2%2Fmedia&parent=884"}],"wp:term":[{"taxonomy":"category","embeddable":true,"href":"https:\/\/www.ecuadoraldia.com.ec\/index.php?rest_route=%2Fwp%2Fv2%2Fcategories&post=884"},{"taxonomy":"post_tag","embeddable":true,"href":"https:\/\/www.ecuadoraldia.com.ec\/index.php?rest_route=%2Fwp%2Fv2%2Ftags&post=884"}],"curies":[{"name":"wp","href":"https:\/\/api.w.org\/{rel}","templated":true}]}}