{"id":8840,"date":"2015-05-08T14:16:26","date_gmt":"2015-05-08T14:16:26","guid":{"rendered":"http:\/\/www.ecuadoraldia.com.ec\/?p=8840"},"modified":"2015-05-08T14:16:26","modified_gmt":"2015-05-08T14:16:26","slug":"nuevo-comandante-del-dmq-aporta-inteligencia-y-operatividad-antidelincuencial","status":"publish","type":"post","link":"https:\/\/www.ecuadoraldia.com.ec\/?p=8840","title":{"rendered":"Nuevo comandante del DMQ aporta inteligencia y operatividad antidelincuencial"},"content":{"rendered":"<p style=\"text-align: justify;\"><a href=\"http:\/\/www.ecuadoraldia.com.ec\/wp-content\/uploads\/2015\/05\/COM-DMQ.jpg\"><img loading=\"lazy\" decoding=\"async\" class=\"alignleft size-medium wp-image-8841\" alt=\"COM DMQ\" src=\"http:\/\/www.ecuadoraldia.com.ec\/wp-content\/uploads\/2015\/05\/COM-DMQ-300x225.jpg\" width=\"300\" height=\"225\" srcset=\"https:\/\/www.ecuadoraldia.com.ec\/wp-content\/uploads\/2015\/05\/COM-DMQ-300x225.jpg 300w, https:\/\/www.ecuadoraldia.com.ec\/wp-content\/uploads\/2015\/05\/COM-DMQ.jpg 640w\" sizes=\"(max-width: 300px) 100vw, 300px\" \/><\/a>Quito. Proveniente del distrito Manta y la subzona Santo Domingo de los Ts\u00e1chilas, territorios donde bajo su liderazgo, la Polic\u00eda Nacional consolid\u00f3 una evidente disminuci\u00f3n en homicidios, robos, sicariato y otros delitos derivados de la violencia social y criminal, Pablo Manuel Aguirre Mu\u00f1oz recibi\u00f3 la confianza del Ministerio del Interior para trabajar por la seguridad y el orden p\u00fablico de la capital de la Rep\u00fablica.<\/p>\n<p style=\"text-align: justify;\">El oficial superior ingres\u00f3 a las filas policiales el 1 de octubre de 1983 como miembro de la promoci\u00f3n 48 de oficiales de l\u00ednea, en la que destac\u00f3 como la novena antig\u00fcedad. Lleg\u00f3 a ser subteniente en 1986, ascendi\u00f3 a teniente en 1990, a capit\u00e1n en 1996, asumi\u00f3 como mayor en 2001, teniente coronel en 2006 y alcanz\u00f3 el grado de coronel de Polic\u00eda Nacional el 12 de junio de 2011.<\/p>\n<p style=\"text-align: justify;\">Cerca de 12 felicitaciones p\u00fablicas y m\u00e1s de media docena de condecoraciones por su participaci\u00f3n en cursos nacionales e internacionales as\u00ed como por su trabajo profesional al servicio de la sociedad, lo distinguen como un oficial de gran experiencia, abierto al di\u00e1logo y perseverante en sus ideales.<\/p>\n<p style=\"text-align: justify;\">Chile, Estados Unidos, M\u00e9xico, Brasil, Per\u00fa, Colombia, Francia, Holanda, Alemania, China y otras naciones de Europa, son los pa\u00edses que el nuevo comandante del DMQ ha visitado por cursos, comisiones acad\u00e9micas y de integraci\u00f3n policial.<\/p>\n<p style=\"text-align: justify;\">Docente en nueve ocasiones, Pablo Aguirre se ha desempe\u00f1ado principalmente en el \u00e1rea de Antinarc\u00f3ticos, Inteligencia Criminal y Operaciones de la Polic\u00eda Nacional en general. (Quiz\u00e1 sus ramas favoritas).<\/p>\n<p style=\"text-align: justify;\">Iniciador de la Unidad de Inteligencia Antidrogas (Uian), adscrita a la Direcci\u00f3n Nacional Antinarc\u00f3ticos (DNA) en 1999; jefe Antinarc\u00f3ticos de Tulc\u00e1n en 2007 y de Pichincha en 2009, part\u00edcipe mentalizador y creador de la Unidad de Inteligencia Antidelincuencial (Uiad) en 2010, agregado de Polic\u00eda a la Embajada del Ecuador en la Rep\u00fablica de Chile durante el 2011, comandante del Distrito Manta en 2012, 2013 y de la subzona Santo Domingo de los Ts\u00e1chilas en 2014, permite que Aguirre se convierta ahora en el titular de la Polic\u00eda Nacional en el Distrito Metropolitano de Quito.<\/p>\n<p style=\"text-align: justify;\">El coronel Pablo Aguirre considera que la Polic\u00eda Nacional est\u00e1 capacitada y dotada para responder frente a la inseguridad y la delincuencia en todos los territorios del pa\u00eds. \u201cNuestro objetivo es satisfacer todas las necesidades operativas y brindar servicios policiales eficientes en los nueve distritos de Quito, en aras de fortalecer el Sistema Integral de Seguridad\u201d.<\/p>\n<p style=\"text-align: justify;\">El comandante del DMQ asume que la inmediatez de la labor policial y el implemento de nuevas estrategias y herramientas frente a la actividad delictiva traer\u00e1n mejores niveles de Seguridad Ciudadana para la Convivencia Social Pac\u00edfica y el Buen Vivir de los quite\u00f1os.<\/p>\n<p style=\"text-align: justify;\">Con m\u00e1s de 31 a\u00f1os de servicio a la Patria y aproximadamente cuatro a\u00f1os en el grado de coronel, Pablo Aguirre, cuyo lema personal es \u201cPolic\u00eda de mente fr\u00eda, coraz\u00f3n caliente y manos limpias\u201d, es uno de los comandantes de la Polic\u00eda Nacional con el perfil id\u00f3neo para desplegar toda su experiencia en el primer distrito del pa\u00eds, territorio complejo por la gran concentraci\u00f3n de ciudadanos de diversas provincias y otros pa\u00edses, el casco comercial y la actividad pol\u00edtica, social, econ\u00f3mica, cultural, art\u00edstica y deportiva del Estado. \/Redacci\u00f3n Quito<\/p>\n","protected":false},"excerpt":{"rendered":"<p>Quito. Proveniente del distrito Manta y la subzona Santo Domingo de los Ts\u00e1chilas, territorios donde bajo su liderazgo, la Polic\u00eda<\/p>\n","protected":false},"author":1,"featured_media":0,"comment_status":"open","ping_status":"open","sticky":false,"template":"","format":"standard","meta":{"footnotes":""},"categories":[20],"tags":[],"_links":{"self":[{"href":"https:\/\/www.ecuadoraldia.com.ec\/index.php?rest_route=\/wp\/v2\/posts\/8840"}],"collection":[{"href":"https:\/\/www.ecuadoraldia.com.ec\/index.php?rest_route=\/wp\/v2\/posts"}],"about":[{"href":"https:\/\/www.ecuadoraldia.com.ec\/index.php?rest_route=\/wp\/v2\/types\/post"}],"author":[{"embeddable":true,"href":"https:\/\/www.ecuadoraldia.com.ec\/index.php?rest_route=\/wp\/v2\/users\/1"}],"replies":[{"embeddable":true,"href":"https:\/\/www.ecuadoraldia.com.ec\/index.php?rest_route=%2Fwp%2Fv2%2Fcomments&post=8840"}],"version-history":[{"count":1,"href":"https:\/\/www.ecuadoraldia.com.ec\/index.php?rest_route=\/wp\/v2\/posts\/8840\/revisions"}],"predecessor-version":[{"id":8842,"href":"https:\/\/www.ecuadoraldia.com.ec\/index.php?rest_route=\/wp\/v2\/posts\/8840\/revisions\/8842"}],"wp:attachment":[{"href":"https:\/\/www.ecuadoraldia.com.ec\/index.php?rest_route=%2Fwp%2Fv2%2Fmedia&parent=8840"}],"wp:term":[{"taxonomy":"category","embeddable":true,"href":"https:\/\/www.ecuadoraldia.com.ec\/index.php?rest_route=%2Fwp%2Fv2%2Fcategories&post=8840"},{"taxonomy":"post_tag","embeddable":true,"href":"https:\/\/www.ecuadoraldia.com.ec\/index.php?rest_route=%2Fwp%2Fv2%2Ftags&post=8840"}],"curies":[{"name":"wp","href":"https:\/\/api.w.org\/{rel}","templated":true}]}}