{"id":889,"date":"2013-11-14T13:16:12","date_gmt":"2013-11-14T13:16:12","guid":{"rendered":"http:\/\/www.ecuadoraldia.com.ec\/?p=889"},"modified":"2013-11-14T13:28:27","modified_gmt":"2013-11-14T13:28:27","slug":"889","status":"publish","type":"post","link":"https:\/\/www.ecuadoraldia.com.ec\/?p=889","title":{"rendered":"Ecuador reafirma legitimidad de la sentencia de la Corte Nacional de Justicia en litigio Chevron"},"content":{"rendered":"<p><a href=\"http:\/\/www.ecuadoraldia.com.ec\/wp-content\/uploads\/2013\/11\/caso-chevron.jpg\"><img loading=\"lazy\" decoding=\"async\" class=\"alignleft size-medium wp-image-890\" alt=\"caso chevron\" src=\"http:\/\/www.ecuadoraldia.com.ec\/wp-content\/uploads\/2013\/11\/caso-chevron-300x150.jpg\" width=\"300\" height=\"150\" srcset=\"https:\/\/www.ecuadoraldia.com.ec\/wp-content\/uploads\/2013\/11\/caso-chevron-300x150.jpg 300w, https:\/\/www.ecuadoraldia.com.ec\/wp-content\/uploads\/2013\/11\/caso-chevron.jpg 660w\" sizes=\"(max-width: 300px) 100vw, 300px\" \/><\/a>Quito, 14-11-2013.\u00a0 (Andes).- El gobierno ecuatoriano reconoci\u00f3 la legitimidad del fallo emitido la noche del martes por la Corte Nacional de Justicia respecto a la responsabilidad de Chevron-Texaco en la contaminaci\u00f3n de una extensa zona de la Amazon\u00eda por negligencia en sus operaciones entre 1964 y 1990.<\/p>\n<p>El Ministerio de Relaciones Exteriores emiti\u00f3 un comunicado oficial donde destaca que el recurso de casaci\u00f3n (la \u00faltima instancia en la justicia ecuatoriana) reafirm\u00f3 la responsabilidad de la corporaci\u00f3n petrolera, aunque la sentencia emitida este martes retorna la compensaci\u00f3n monetaria a su cantidad original de 8.646 millones de d\u00f3lares m\u00e1s un 10 por ciento determinado por la Ley de Gesti\u00f3n Ambiental.<\/p>\n<p>El 14 de febrero de 2011, el tribunal de Lago Agrio dict\u00f3 sentencia para que Chevron-Texaco pague 8.560 millones de d\u00f3lares. Pero la empresa no tiene bienes en Ecuador, por lo que hab\u00eda que embargar en el extranjero.<\/p>\n<p>El 3 de agosto del a\u00f1o pasado, la presidencia de la Corte de Sucumb\u00edos dispuso a Chevron que pague 19.041 millones de d\u00f3lares (ya no los 8.500 millones de d\u00f3lares) a menos que ofrezca, en 24 horas, disculpas por los da\u00f1os ocasionados. La empresa se neg\u00f3 a disculparse.<\/p>\n<p>Desde entonces Chevron present\u00f3 el recurso de Casaci\u00f3n en la Corte Nacional de Justicia y de manera paralela inici\u00f3 acciones arbitrales en la Haya, en una corte relacionada a Uncitral contra el estado ecuatoriano, apelando a un Tratado Bilateral de inversiones que entr\u00f3 en vigencia 5 a\u00f1os despu\u00e9s de la salida de la empresa del Ecuador.<\/p>\n<p>El procurador general del Estado, Diego Garc\u00eda, se excus\u00f3 de emitir un criterio en este mi\u00e9rcoles, entrevistado por la televisi\u00f3n p\u00fablica Ecuador TV antes de que los propios demandantes amaz\u00f3nicos lo hagan, puesto que el juicio de Lago Agrio es un litigio privado y en ese el Estado no participa, pues Ecuador es un pa\u00eds con poderes separados e independientes.<\/p>\n<p>Chevron intenta, bajo el espectro de la ley estounidense RICO, demostrar en una corte de Nueva York que los defensores de los 30.000 afectados amaz\u00f3nicos de la contaminaci\u00f3n son parte de una organizaci\u00f3n criminal que busca extorsionar a la empresa.<\/p>\n<p>El comunicado oficial del Ecuador reza:<\/p>\n<p>\u201cA prop\u00f3sito de la sentencia de la Corte Nacional de Justicia que ratifica el fallo en contra de Chevron por su responsabilidad en los da\u00f1os causados en la Amazon\u00eda, la Canciller\u00eda ecuatoriana manifiesta que con esta decisi\u00f3n la indemnizaci\u00f3n que deber\u00e1 asumir la compa\u00f1\u00eda regresa a la cantidad de 8.646 millones de d\u00f3lares, a los que se deber\u00e1 agregar un 10 por ciento del valor que el tribunal obliga a pagar, y que determina la Ley de Gesti\u00f3n Ambiental. Aunque la sentencia reduce la pena monetaria, vuelve a reafirmar la responsabilidad de la corporaci\u00f3n petrolera\u201d.<\/p>\n<p>\u201cLa decisi\u00f3n judicial supone la \u00faltima instancia en la causa interpuesta por los pobladores afectados ante los da\u00f1os causados por la contaminaci\u00f3n de Chevron-Texaco. Sin embargo, esto no va a limitar la posici\u00f3n firme del Gobierno del Ecuador para seguir adelante en defensa del prestigio internacional del pa\u00eds frente a los abusos de Chevron y a los tribunales internacionales de arbitraje que ha utilizado para intentar eludir sus responsabilidades\u201d. Andes y Ecuadoraldia.com.ec<\/p>\n","protected":false},"excerpt":{"rendered":"<p>Quito, 14-11-2013.\u00a0 (Andes).- El gobierno ecuatoriano reconoci\u00f3 la legitimidad del fallo emitido la noche del martes por la Corte Nacional<\/p>\n","protected":false},"author":1,"featured_media":0,"comment_status":"open","ping_status":"open","sticky":false,"template":"","format":"standard","meta":{"footnotes":""},"categories":[1],"tags":[],"_links":{"self":[{"href":"https:\/\/www.ecuadoraldia.com.ec\/index.php?rest_route=\/wp\/v2\/posts\/889"}],"collection":[{"href":"https:\/\/www.ecuadoraldia.com.ec\/index.php?rest_route=\/wp\/v2\/posts"}],"about":[{"href":"https:\/\/www.ecuadoraldia.com.ec\/index.php?rest_route=\/wp\/v2\/types\/post"}],"author":[{"embeddable":true,"href":"https:\/\/www.ecuadoraldia.com.ec\/index.php?rest_route=\/wp\/v2\/users\/1"}],"replies":[{"embeddable":true,"href":"https:\/\/www.ecuadoraldia.com.ec\/index.php?rest_route=%2Fwp%2Fv2%2Fcomments&post=889"}],"version-history":[{"count":3,"href":"https:\/\/www.ecuadoraldia.com.ec\/index.php?rest_route=\/wp\/v2\/posts\/889\/revisions"}],"predecessor-version":[{"id":892,"href":"https:\/\/www.ecuadoraldia.com.ec\/index.php?rest_route=\/wp\/v2\/posts\/889\/revisions\/892"}],"wp:attachment":[{"href":"https:\/\/www.ecuadoraldia.com.ec\/index.php?rest_route=%2Fwp%2Fv2%2Fmedia&parent=889"}],"wp:term":[{"taxonomy":"category","embeddable":true,"href":"https:\/\/www.ecuadoraldia.com.ec\/index.php?rest_route=%2Fwp%2Fv2%2Fcategories&post=889"},{"taxonomy":"post_tag","embeddable":true,"href":"https:\/\/www.ecuadoraldia.com.ec\/index.php?rest_route=%2Fwp%2Fv2%2Ftags&post=889"}],"curies":[{"name":"wp","href":"https:\/\/api.w.org\/{rel}","templated":true}]}}