{"id":894,"date":"2013-11-14T13:30:50","date_gmt":"2013-11-14T13:30:50","guid":{"rendered":"http:\/\/www.ecuadoraldia.com.ec\/?p=894"},"modified":"2013-11-14T13:30:50","modified_gmt":"2013-11-14T13:30:50","slug":"contraloria-examinara-patrimonio-de-787-policias","status":"publish","type":"post","link":"https:\/\/www.ecuadoraldia.com.ec\/?p=894","title":{"rendered":"Contralor\u00eda  examinar\u00e1 patrimonio de 787 polic\u00edas"},"content":{"rendered":"<p><a href=\"http:\/\/www.ecuadoraldia.com.ec\/wp-content\/uploads\/2013\/11\/policias-3.jpg\"><img loading=\"lazy\" decoding=\"async\" class=\"alignleft size-medium wp-image-895\" alt=\"policias 3\" src=\"http:\/\/www.ecuadoraldia.com.ec\/wp-content\/uploads\/2013\/11\/policias-3-300x198.jpg\" width=\"300\" height=\"198\" srcset=\"https:\/\/www.ecuadoraldia.com.ec\/wp-content\/uploads\/2013\/11\/policias-3-300x198.jpg 300w, https:\/\/www.ecuadoraldia.com.ec\/wp-content\/uploads\/2013\/11\/policias-3.jpg 640w\" sizes=\"(max-width: 300px) 100vw, 300px\" \/><\/a>Quito, 13 nov (Andes).- La Contralor\u00eda ecuatoriana realizar\u00e1 un examen especial a los patrimonios de la c\u00fapula policial, de la oficialidad, de clases y polic\u00edas, incluyendo esta supervisi\u00f3n a sus familias, por pedido del ministro del Interior, Jos\u00e9 Serrano.<\/p>\n<p>La ma\u00f1ana de este mi\u00e9rcoles, el secretario de Estado present\u00f3 el pedido, precisando que se ponga \u00e9nfasis en 787 miembros policiales que hasta ahora no han presentado su declaraci\u00f3n de bienes. Este listado incluye a 122 oficiales, 20 suboficiales, 90 sargentos, 280 cabos y 275 polic\u00edas.<\/p>\n<p>El ministro Serano afirm\u00f3 que ser\u00e1n entregadas a Contralor\u00eda todas las facilidades para que acceda a la informaci\u00f3n necesaria y de esta forma, transparentar el aspecto financiero de alrededor de 43 mil uniformados.<\/p>\n<p>El contralor general del Estado, Carlos P\u00f3lit, felicit\u00f3 la iniciativa de la secretar\u00eda del Interior y explic\u00f3 que el primer paso del examen ser\u00e1 la verificaci\u00f3n de todas las declaraciones y luego se efectuar\u00e1n las citaciones respectivas para que entreguen informaci\u00f3n aclaratoria sobre sus patrimonios, si es del caso.<\/p>\n<p>Este pedido se enmarca en el proceso de depuraci\u00f3n de la instituci\u00f3n policial que inicio en el 2010 y hasta la fecha han sido separados 1.300 uniformados. Tan solo entre enero y agosto de este a\u00f1o, permiti\u00f3 dar de baja 340 uniformados. De estos, 73 por mala conducta, 16 por sentencias condenatorias, 43 por indisciplina y 208 por diversos motivos.(Andes y Ecuadoraldia.com.ec)<\/p>\n","protected":false},"excerpt":{"rendered":"<p>Quito, 13 nov (Andes).- La Contralor\u00eda ecuatoriana realizar\u00e1 un examen especial a los patrimonios de la c\u00fapula policial, de la<\/p>\n","protected":false},"author":1,"featured_media":0,"comment_status":"open","ping_status":"open","sticky":false,"template":"","format":"standard","meta":{"footnotes":""},"categories":[1],"tags":[],"_links":{"self":[{"href":"https:\/\/www.ecuadoraldia.com.ec\/index.php?rest_route=\/wp\/v2\/posts\/894"}],"collection":[{"href":"https:\/\/www.ecuadoraldia.com.ec\/index.php?rest_route=\/wp\/v2\/posts"}],"about":[{"href":"https:\/\/www.ecuadoraldia.com.ec\/index.php?rest_route=\/wp\/v2\/types\/post"}],"author":[{"embeddable":true,"href":"https:\/\/www.ecuadoraldia.com.ec\/index.php?rest_route=\/wp\/v2\/users\/1"}],"replies":[{"embeddable":true,"href":"https:\/\/www.ecuadoraldia.com.ec\/index.php?rest_route=%2Fwp%2Fv2%2Fcomments&post=894"}],"version-history":[{"count":2,"href":"https:\/\/www.ecuadoraldia.com.ec\/index.php?rest_route=\/wp\/v2\/posts\/894\/revisions"}],"predecessor-version":[{"id":897,"href":"https:\/\/www.ecuadoraldia.com.ec\/index.php?rest_route=\/wp\/v2\/posts\/894\/revisions\/897"}],"wp:attachment":[{"href":"https:\/\/www.ecuadoraldia.com.ec\/index.php?rest_route=%2Fwp%2Fv2%2Fmedia&parent=894"}],"wp:term":[{"taxonomy":"category","embeddable":true,"href":"https:\/\/www.ecuadoraldia.com.ec\/index.php?rest_route=%2Fwp%2Fv2%2Fcategories&post=894"},{"taxonomy":"post_tag","embeddable":true,"href":"https:\/\/www.ecuadoraldia.com.ec\/index.php?rest_route=%2Fwp%2Fv2%2Ftags&post=894"}],"curies":[{"name":"wp","href":"https:\/\/api.w.org\/{rel}","templated":true}]}}