{"id":8967,"date":"2015-05-13T12:42:46","date_gmt":"2015-05-13T12:42:46","guid":{"rendered":"http:\/\/www.ecuadoraldia.com.ec\/?p=8967"},"modified":"2015-05-13T12:42:46","modified_gmt":"2015-05-13T12:42:46","slug":"terremoto-en-nepal-deja-66-muertos-y-unos-1-176-heridos","status":"publish","type":"post","link":"https:\/\/www.ecuadoraldia.com.ec\/?p=8967","title":{"rendered":"Terremoto en Nepal deja 66 muertos y unos 1.176 heridos"},"content":{"rendered":"<p style=\"text-align: justify;\"><a href=\"http:\/\/www.ecuadoraldia.com.ec\/wp-content\/uploads\/2015\/05\/terremoto-en-nepal.jpg\"><img loading=\"lazy\" decoding=\"async\" class=\"alignleft size-medium wp-image-8968\" alt=\"terremoto-en-nepal\" src=\"http:\/\/www.ecuadoraldia.com.ec\/wp-content\/uploads\/2015\/05\/terremoto-en-nepal-300x200.jpg\" width=\"300\" height=\"200\" srcset=\"https:\/\/www.ecuadoraldia.com.ec\/wp-content\/uploads\/2015\/05\/terremoto-en-nepal-300x200.jpg 300w, https:\/\/www.ecuadoraldia.com.ec\/wp-content\/uploads\/2015\/05\/terremoto-en-nepal.jpg 303w\" sizes=\"(max-width: 300px) 100vw, 300px\" \/><\/a>REUTERS. Un terremoto de magnitud 7,3 dej\u00f3 al menos 66 muertos este martes y extendi\u00f3 el p\u00e1nico en Nepal, en la vecina India y en el T\u00edbet, derribando edificios debilitados por un devastador sismo ocurrido menos de tres semanas atr\u00e1s y causando deslizamientos de tierra en valles de los Himalayas cerca del Monte Everest.<\/p>\n<p style=\"text-align: justify;\">La mayor\u00eda de las v\u00edctimas murieron en aldeas y pueblos al este de Katmand\u00fa, que a\u00fan se recupera del sismo del 25 de abril que dej\u00f3 m\u00e1s de 8.000 muertos.<\/p>\n<p style=\"text-align: justify;\">El Comando del Pac\u00edfico del Ej\u00e9rcito de Estados Unidos dijo que un helic\u00f3ptero militar involucrado en las tareas de ayuda desapareci\u00f3 con seis marines y dos soldados nepaleses a bordo.<\/p>\n<p style=\"text-align: justify;\">El epicentro del nuevo sismo se ubic\u00f3 a 76 kil\u00f3metros al este de la capital en un \u00e1rea de colinas cerca de la frontera con el T\u00edbet, seg\u00fan coordenadas divulgadas por el Servicio Geol\u00f3gico de Estados Unidos. El movimiento provoc\u00f3 deslaves en los valles de los Himalayas cerca del Monte Everest.<\/p>\n<p style=\"text-align: justify;\">Los pobladores que vieron sus hogares colapsar dijeron que sobrevivieron porque estaban viviendo en carpas.<\/p>\n<p style=\"text-align: justify;\">Trabajadores de ayuda humanitaria informaron de graves da\u00f1os en algunos poblados en el \u00e1rea m\u00e1s afectada de Charikot y dijeron que algunas personas estaban a\u00fan atrapadas bajo los escombros. Testigos afirmaron que hubo deslizamientos de rocas y barro desde remotas colinas en las que hab\u00edan caminos y aldeas.<\/p>\n<p style=\"text-align: justify;\">Nuevos derrumbes<br \/>\nEn la localidad de Sangachowk, residentes estaban fuera recibiendo la ayuda del Gobierno cuando ocurri\u00f3 el sismo. Una familia estaba sentada al borde de un camino observando los restos de su vivienda derrumbada.<\/p>\n<p style=\"text-align: justify;\">\u00abLa vimos colapsar lentamente\u00bb, dijo Ashok Parajuli, de 30 a\u00f1os.<\/p>\n<p style=\"text-align: justify;\">En Charikot, donde se recuperaron al menos 20 muertos, Top Thapa, propietario de un hotel, dijo que el temblor fue casi tan fuerte como el del mes pasado.<\/p>\n<p style=\"text-align: justify;\">\u00abVimos casas caer, colapsar a lo largo de la colina\u00bb, dijo Thapa, due\u00f1o del Charikot Panorama Resort, que agreg\u00f3 que tambi\u00e9n se derrumbaron cinco o seis edificios.<\/p>\n<p style=\"text-align: justify;\">Mayo es la temporada de alpinismo y senderismo en los altos valles y picos de Nepal, pero los hoteles usualmente llenos estaban casi vac\u00edos luego de que miles de turistas partieran del pa\u00eds tras el sismo de abril.<\/p>\n<p style=\"text-align: justify;\">Dambar Parajuli, presidente de la Asociaci\u00f3n de Operadores de Expediciones de Nepal, dijo que no hab\u00eda alpinistas ni sherpas nepaleses en el Campamento Base del Everest.<\/p>\n<p style=\"text-align: justify;\">En Lukla, el punto de partida para traves\u00edas al Everest, los edificios se agrietaron y hubo peque\u00f1os deslaves.<\/p>\n<p style=\"text-align: justify;\">Susana P\u00e9rez, de Madrid, se encontraba en una excursi\u00f3n de 10 d\u00edas con su marido hacia Island Peak en la regi\u00f3n del Everest y estaba por llegar a Lukla.<\/p>\n<p style=\"text-align: justify;\">\u00abVimos caer la monta\u00f1a frente nuestro, tierra y rocas. Hab\u00eda algunas casas debajo, pero no estaba claro si fueron afectadas\u00bb, agreg\u00f3 P\u00e9rez. (REUTERS)<\/p>\n","protected":false},"excerpt":{"rendered":"<p>REUTERS. Un terremoto de magnitud 7,3 dej\u00f3 al menos 66 muertos este martes y extendi\u00f3 el p\u00e1nico en Nepal, en<\/p>\n","protected":false},"author":1,"featured_media":0,"comment_status":"open","ping_status":"open","sticky":false,"template":"","format":"standard","meta":{"footnotes":""},"categories":[7],"tags":[],"_links":{"self":[{"href":"https:\/\/www.ecuadoraldia.com.ec\/index.php?rest_route=\/wp\/v2\/posts\/8967"}],"collection":[{"href":"https:\/\/www.ecuadoraldia.com.ec\/index.php?rest_route=\/wp\/v2\/posts"}],"about":[{"href":"https:\/\/www.ecuadoraldia.com.ec\/index.php?rest_route=\/wp\/v2\/types\/post"}],"author":[{"embeddable":true,"href":"https:\/\/www.ecuadoraldia.com.ec\/index.php?rest_route=\/wp\/v2\/users\/1"}],"replies":[{"embeddable":true,"href":"https:\/\/www.ecuadoraldia.com.ec\/index.php?rest_route=%2Fwp%2Fv2%2Fcomments&post=8967"}],"version-history":[{"count":1,"href":"https:\/\/www.ecuadoraldia.com.ec\/index.php?rest_route=\/wp\/v2\/posts\/8967\/revisions"}],"predecessor-version":[{"id":8969,"href":"https:\/\/www.ecuadoraldia.com.ec\/index.php?rest_route=\/wp\/v2\/posts\/8967\/revisions\/8969"}],"wp:attachment":[{"href":"https:\/\/www.ecuadoraldia.com.ec\/index.php?rest_route=%2Fwp%2Fv2%2Fmedia&parent=8967"}],"wp:term":[{"taxonomy":"category","embeddable":true,"href":"https:\/\/www.ecuadoraldia.com.ec\/index.php?rest_route=%2Fwp%2Fv2%2Fcategories&post=8967"},{"taxonomy":"post_tag","embeddable":true,"href":"https:\/\/www.ecuadoraldia.com.ec\/index.php?rest_route=%2Fwp%2Fv2%2Ftags&post=8967"}],"curies":[{"name":"wp","href":"https:\/\/api.w.org\/{rel}","templated":true}]}}