{"id":8970,"date":"2015-05-13T12:43:56","date_gmt":"2015-05-13T12:43:56","guid":{"rendered":"http:\/\/www.ecuadoraldia.com.ec\/?p=8970"},"modified":"2015-05-13T12:43:56","modified_gmt":"2015-05-13T12:43:56","slug":"ecuador-registra-reduccion-del-16-en-accidentes-de-transito","status":"publish","type":"post","link":"https:\/\/www.ecuadoraldia.com.ec\/?p=8970","title":{"rendered":"Ecuador registra reducci\u00f3n del 16% en accidentes de tr\u00e1nsito"},"content":{"rendered":"<p style=\"text-align: justify;\"><a href=\"http:\/\/www.ecuadoraldia.com.ec\/wp-content\/uploads\/2015\/05\/fiestas-clan.png\"><img loading=\"lazy\" decoding=\"async\" class=\"alignleft size-medium wp-image-8971\" alt=\"fiestas clan\" src=\"http:\/\/www.ecuadoraldia.com.ec\/wp-content\/uploads\/2015\/05\/fiestas-clan-300x231.png\" width=\"300\" height=\"231\" srcset=\"https:\/\/www.ecuadoraldia.com.ec\/wp-content\/uploads\/2015\/05\/fiestas-clan-300x231.png 300w, https:\/\/www.ecuadoraldia.com.ec\/wp-content\/uploads\/2015\/05\/fiestas-clan.png 408w\" sizes=\"(max-width: 300px) 100vw, 300px\" \/><\/a>Quito, 12 may (Andes).- Durante el mes de abril de 2015 hubo una reducci\u00f3n de 577 siniestros de tr\u00e1nsito, lo que representa 16% menos en comparaci\u00f3n a abril de 2014, as\u00ed lo dio a conocer la Agencia Nacional de Tr\u00e1nsito (ANT), a trav\u00e9s de un bolet\u00edn de prensa.<\/p>\n<p style=\"text-align: justify;\">Para su informe la ANT recogi\u00f3 informaci\u00f3n proporcionada por los entes de Control como la Polic\u00eda Nacional, Comisi\u00f3n de Tr\u00e1nsito del Ecuador y Gobiernos Aut\u00f3nomos Descentralizados de Cuenca, Loja, Quito, Manta, Ambato e Ibarra.<\/p>\n<p style=\"text-align: justify;\">En abril de 2014 hubo un total de 3.544 siniestros mientras que en abril de 2015 hubo 2.967 accidentes.<\/p>\n<p style=\"text-align: justify;\">En el mismo periodo, el n\u00famero de fallecidos en accidentes de tr\u00e1nsito, baj\u00f3 de 225 a 160, registr\u00e1ndose una disminuci\u00f3n de 65 v\u00edctimas mortales, lo que corresponde a un 29% de reducci\u00f3n.<\/p>\n<p style=\"text-align: justify;\">El n\u00famero de lesionados tambi\u00e9n tuvo una reducci\u00f3n de 514 lo que equivale a un 20% menos. En abril de 2015 hubo 2.105 lesionados mientras que en abril de 2014, hubo 2.619.<\/p>\n<p style=\"text-align: justify;\">Seg\u00fan los datos de la ANT, las tres principales causas de los siniestros son: no respetar las se\u00f1ales reglamentarias de tr\u00e1nsito (pare, ceda el paso, luz roja del sem\u00e1foro y otros), conducir un veh\u00edculo superando los l\u00edmites m\u00e1ximos de velocidad y conducir bajo la influencia de alcohol, sustancias estupefacientes o psicotr\u00f3picas y\/o medicamentos<\/p>\n<p style=\"text-align: justify;\">Las provincias con mayor incidencia de siniestros y v\u00edctimas son Pichincha y Guayas (las de mayor concentraci\u00f3n poblacional). En abril de 2014 se registraron 1.029 lesionados en Pichincha y 642 en Guayas. En abril de 2015, el n\u00famero de lesionados se redujo a 773 en Pichincha y 482 en Guayas. ( Andes)<\/p>\n","protected":false},"excerpt":{"rendered":"<p>Quito, 12 may (Andes).- Durante el mes de abril de 2015 hubo una reducci\u00f3n de 577 siniestros de tr\u00e1nsito, lo<\/p>\n","protected":false},"author":1,"featured_media":0,"comment_status":"open","ping_status":"open","sticky":false,"template":"","format":"standard","meta":{"footnotes":""},"categories":[1],"tags":[],"_links":{"self":[{"href":"https:\/\/www.ecuadoraldia.com.ec\/index.php?rest_route=\/wp\/v2\/posts\/8970"}],"collection":[{"href":"https:\/\/www.ecuadoraldia.com.ec\/index.php?rest_route=\/wp\/v2\/posts"}],"about":[{"href":"https:\/\/www.ecuadoraldia.com.ec\/index.php?rest_route=\/wp\/v2\/types\/post"}],"author":[{"embeddable":true,"href":"https:\/\/www.ecuadoraldia.com.ec\/index.php?rest_route=\/wp\/v2\/users\/1"}],"replies":[{"embeddable":true,"href":"https:\/\/www.ecuadoraldia.com.ec\/index.php?rest_route=%2Fwp%2Fv2%2Fcomments&post=8970"}],"version-history":[{"count":1,"href":"https:\/\/www.ecuadoraldia.com.ec\/index.php?rest_route=\/wp\/v2\/posts\/8970\/revisions"}],"predecessor-version":[{"id":8972,"href":"https:\/\/www.ecuadoraldia.com.ec\/index.php?rest_route=\/wp\/v2\/posts\/8970\/revisions\/8972"}],"wp:attachment":[{"href":"https:\/\/www.ecuadoraldia.com.ec\/index.php?rest_route=%2Fwp%2Fv2%2Fmedia&parent=8970"}],"wp:term":[{"taxonomy":"category","embeddable":true,"href":"https:\/\/www.ecuadoraldia.com.ec\/index.php?rest_route=%2Fwp%2Fv2%2Fcategories&post=8970"},{"taxonomy":"post_tag","embeddable":true,"href":"https:\/\/www.ecuadoraldia.com.ec\/index.php?rest_route=%2Fwp%2Fv2%2Ftags&post=8970"}],"curies":[{"name":"wp","href":"https:\/\/api.w.org\/{rel}","templated":true}]}}