{"id":8973,"date":"2015-05-13T13:00:10","date_gmt":"2015-05-13T13:00:10","guid":{"rendered":"http:\/\/www.ecuadoraldia.com.ec\/?p=8973"},"modified":"2015-05-13T13:00:10","modified_gmt":"2015-05-13T13:00:10","slug":"concierto-1x1-en-guayaquil-tendra-13-horas-de-musica-hecha-en-ecuador","status":"publish","type":"post","link":"https:\/\/www.ecuadoraldia.com.ec\/?p=8973","title":{"rendered":"Concierto \u20181&#215;1&#8242; en Guayaquil tendr\u00e1 13 horas de m\u00fasica hecha en Ecuador"},"content":{"rendered":"<figure id=\"attachment_8974\" aria-describedby=\"caption-attachment-8974\" style=\"width: 297px\" class=\"wp-caption alignleft\"><a href=\"http:\/\/www.ecuadoraldia.com.ec\/wp-content\/uploads\/2015\/05\/Concierto1x1-cue.jpg\"><img loading=\"lazy\" decoding=\"async\" class=\"size-full wp-image-8974\" alt=\"foto archivo 1x1 cuenca\" src=\"http:\/\/www.ecuadoraldia.com.ec\/wp-content\/uploads\/2015\/05\/Concierto1x1-cue.jpg\" width=\"297\" height=\"221\" \/><\/a><figcaption id=\"caption-attachment-8974\" class=\"wp-caption-text\">foto archivo 1&#215;1 cuenca<\/figcaption><\/figure>\n<p style=\"text-align: justify;\">El Superintendente de la Informaci\u00f3n y Comunicaci\u00f3n, Carlos Ochoa, y la Intendenta Zonal 8, Jeoconda Loor, brindaron a los medios de comunicaci\u00f3n los detalles previos a la Feria-Concierto \u201c1&#215;1: Queremos m\u00e1s m\u00fasica hecha en Ecuador\u201d, que se realizar\u00e1 este s\u00e1bado 16 de mayo, en la explanada del MAAC en Guayaquil, a partir de las 10:00<\/p>\n<p style=\"text-align: justify;\"><em id=\"__mceDel\">\u201cLa idea de estos conciertos nace desde el punto de vista de los medios de comunicaci\u00f3n, al manifestarnos que no contaban con la suficiente cantidad de m\u00fasica nacional para cumplir el art\u00edculo 103 de la Ley Org\u00e1nica de Comunicaci\u00f3n (LOC), que exige a las radiodifusoras programar al menos el 50 % de m\u00fasica producida, compuesta o ejecutada en Ecuador. Con esto ponemos en conjunci\u00f3n la oferta y la demanda\u201d, se\u00f1al\u00f3 el Superintendente.<\/p>\n<p>Por su parte, la Intendenta de la Zona 8, indic\u00f3 que la feria se constituye en un espacio de integraci\u00f3n entre las casas disqueras, radios, instituciones afines y los cerca de 100 artistas que participar\u00e1n en un &#8216;stand&#8217; para exponer su trabajo, entregar material publicitario, vender discos, firmar aut\u00f3grafos y fotografiarse con sus seguidores.<\/p>\n<p>Se\u00f1al\u00f3, adem\u00e1s, que previo al concierto en el que se presentar\u00e1n m\u00e1s de 50 artistas de diversos g\u00e9neros musicales, se efectuar\u00e1 una rueda de negocios con los diferentes productores designados previamente por el comit\u00e9 especializado. \u201cAll\u00ed promotores, productores y las radios, podr\u00e1n establecer un contacto directo con los artistas tras una demostraci\u00f3n de su talento\u201d, explic\u00f3.<\/p>\n<p>Finalmente, se refiri\u00f3 al cat\u00e1logo de artistas, el cual ser\u00e1 una gu\u00eda completa con informaci\u00f3n de cada uno de los participantes en el concierto.<\/p>\n<p>\u201cEs una recopilaci\u00f3n de informaci\u00f3n de las bandas y solistas de la zona 8, cuya m\u00fasica est\u00e1 calificada para ser programada en cualquier radio del pa\u00eds y del extranjero. Ah\u00ed encontraremos el nombre del solista o agrupaci\u00f3n musical, una rese\u00f1a de su trayectoria, contactos y sitios web para descargar o solicitar su material\u201d, finaliz\u00f3.<\/p>\n<p>Cabe se\u00f1alar que este es el tercer concierto \u201c1X1 Queremos m\u00e1s m\u00fasica hecha en Ecuador\u201d realizados en el pa\u00eds. Los dos anteriores se desarrollaron en Cuenca y Manta y forman parte de una serie de espect\u00e1culos que se ejecutar\u00e1n en todo el pa\u00eds durante este a\u00f1o con el objetivo de promover el art\u00edculo 103 de la LOC.(Supercom)<\/em><\/p>\n","protected":false},"excerpt":{"rendered":"<p>El Superintendente de la Informaci\u00f3n y Comunicaci\u00f3n, Carlos Ochoa, y la Intendenta Zonal 8, Jeoconda Loor, brindaron a los medios<\/p>\n","protected":false},"author":1,"featured_media":0,"comment_status":"open","ping_status":"open","sticky":false,"template":"","format":"standard","meta":{"footnotes":""},"categories":[4],"tags":[],"_links":{"self":[{"href":"https:\/\/www.ecuadoraldia.com.ec\/index.php?rest_route=\/wp\/v2\/posts\/8973"}],"collection":[{"href":"https:\/\/www.ecuadoraldia.com.ec\/index.php?rest_route=\/wp\/v2\/posts"}],"about":[{"href":"https:\/\/www.ecuadoraldia.com.ec\/index.php?rest_route=\/wp\/v2\/types\/post"}],"author":[{"embeddable":true,"href":"https:\/\/www.ecuadoraldia.com.ec\/index.php?rest_route=\/wp\/v2\/users\/1"}],"replies":[{"embeddable":true,"href":"https:\/\/www.ecuadoraldia.com.ec\/index.php?rest_route=%2Fwp%2Fv2%2Fcomments&post=8973"}],"version-history":[{"count":2,"href":"https:\/\/www.ecuadoraldia.com.ec\/index.php?rest_route=\/wp\/v2\/posts\/8973\/revisions"}],"predecessor-version":[{"id":8976,"href":"https:\/\/www.ecuadoraldia.com.ec\/index.php?rest_route=\/wp\/v2\/posts\/8973\/revisions\/8976"}],"wp:attachment":[{"href":"https:\/\/www.ecuadoraldia.com.ec\/index.php?rest_route=%2Fwp%2Fv2%2Fmedia&parent=8973"}],"wp:term":[{"taxonomy":"category","embeddable":true,"href":"https:\/\/www.ecuadoraldia.com.ec\/index.php?rest_route=%2Fwp%2Fv2%2Fcategories&post=8973"},{"taxonomy":"post_tag","embeddable":true,"href":"https:\/\/www.ecuadoraldia.com.ec\/index.php?rest_route=%2Fwp%2Fv2%2Ftags&post=8973"}],"curies":[{"name":"wp","href":"https:\/\/api.w.org\/{rel}","templated":true}]}}