{"id":8977,"date":"2015-05-13T13:15:45","date_gmt":"2015-05-13T13:15:45","guid":{"rendered":"http:\/\/www.ecuadoraldia.com.ec\/?p=8977"},"modified":"2015-05-13T13:15:45","modified_gmt":"2015-05-13T13:15:45","slug":"ministro-rafael-poveda-mantendra-reuniones-de-trabajo-en-madrid","status":"publish","type":"post","link":"https:\/\/www.ecuadoraldia.com.ec\/?p=8977","title":{"rendered":"Ministro Rafael Poveda mantendr\u00e1 reuniones de trabajo en Madrid"},"content":{"rendered":"<figure id=\"attachment_8978\" aria-describedby=\"caption-attachment-8978\" style=\"width: 300px\" class=\"wp-caption alignleft\"><a href=\"http:\/\/www.ecuadoraldia.com.ec\/wp-content\/uploads\/2015\/05\/ministro_poveda.jpg\"><img loading=\"lazy\" decoding=\"async\" class=\"size-medium wp-image-8978\" alt=\"foto min sect. estrategicos\" src=\"http:\/\/www.ecuadoraldia.com.ec\/wp-content\/uploads\/2015\/05\/ministro_poveda-300x178.jpg\" width=\"300\" height=\"178\" srcset=\"https:\/\/www.ecuadoraldia.com.ec\/wp-content\/uploads\/2015\/05\/ministro_poveda-300x178.jpg 300w, https:\/\/www.ecuadoraldia.com.ec\/wp-content\/uploads\/2015\/05\/ministro_poveda.jpg 421w\" sizes=\"(max-width: 300px) 100vw, 300px\" \/><\/a><figcaption id=\"caption-attachment-8978\" class=\"wp-caption-text\">foto min sect. estrategicos<\/figcaption><\/figure>\n<p style=\"text-align: justify;\">El ministro coordinador de Sectores Estrat\u00e9gicos, Rafael Poveda Bonilla, cumple una intensa agenda de trabajo en Espa\u00f1a, entre este mi\u00e9rcoles 13 y s\u00e1bado 16 de mayo de 2015. En las reuniones se abordar\u00e1n temas relacionados con la cooperaci\u00f3n en materia de recursos h\u00eddricos, en telefon\u00eda m\u00f3vil y mantendr\u00e1 una reuni\u00f3n de trabajo con un grupo de potenciales inversionistas relacionados a la cartera de proyectos disponibles en el Cat\u00e1logo de Inversi\u00f3n de los Sectores Estrat\u00e9gicos.<\/p>\n<p style=\"text-align: justify;\">Est\u00e1 previsto que el ministro Poveda se re\u00fana con un grupo de inversionistas de Madrid, a quienes se les expondr\u00e1 las oportunidades de inversi\u00f3n en Sectores Estrat\u00e9gicos, especialmente el Plan de Industrias Estrat\u00e9gicas (Industrias B\u00e1sicas) que impulsa esta Secretar\u00eda de Estado.<\/p>\n<p style=\"text-align: justify;\">Para ese mismo d\u00eda est\u00e1 previsto que el Ministro Poveda se re\u00fana con los directivos de la empresa Telef\u00f3nica, con quien se abordar\u00e1 el tema relacionado con la neutralidad de red y el Desarrollo del Mundo Digital. Tambi\u00e9n dialogar\u00e1n en torno al desarrollo conjunto de infraestructura telef\u00f3nica en el pa\u00eds. En la cita tambi\u00e9n estar\u00e1 presente el ministro de Telecomunicaciones y Sociedad de la Informaci\u00f3n, Augusto Esp\u00edn.<\/p>\n<p style=\"text-align: justify;\">En horas de la tarde, el ministro Poveda ser\u00e1 testigo de honor de la firma de un memorando de entendimiento con directivos de la empresa INHISA, una empresa de econom\u00eda mixta, para la fabricaci\u00f3n de elementos hidromec\u00e1nicos, a cargo de Carlos Bernal, Gerente de la Empresa P\u00fablica del Agua.<\/p>\n<p style=\"text-align: justify;\">Tambi\u00e9n el Secretario de Estado visitar\u00e1 el Centro de Demostraci\u00f3n y Emprendimiento sobre Smart Cities, uno de los \u00abm\u00e1s avanzados\u00bb de Europa por las tecnolog\u00edas relacionadas con las ciudades inteligentes.<\/p>\n<p style=\"text-align: justify;\">La jornada acad\u00e9mica concluir\u00e1 con una exposici\u00f3n del ministro Rafael Poveda sobre la \u201cImportancia de la Planificaci\u00f3n y el cambio de la matriz productiva desde los Sectores Estrat\u00e9gicos\u201d.<\/p>\n<p style=\"text-align: justify;\">El s\u00e1bado 16, la delegaci\u00f3n ecuatoriana viajar\u00e1 a Zaragoza, en donde mantendr\u00e1n una agenda de trabajo relacionada con el manejo de los recursos h\u00eddricos. Los ministros Rafael Poveda y Walter Sol\u00eds se reunir\u00e1n con los directivos Sistema Autom\u00e1tico de Informaci\u00f3n Hidrol\u00f3gica de la Cuenca Hidrogr\u00e1fica del Ebro.<\/p>\n<p style=\"text-align: justify;\">El objetivo es conocer esa experiencia espa\u00f1ola y aplicarla en Ecuador, una vez que ya han entrado en funcionamiento tres mega construcciones h\u00eddricas en el pa\u00eds y se espera que en los pr\u00f3ximos meses entren en operaci\u00f3n cuatro obras m\u00e1s de esas caracter\u00edsticas.(Min Sect. Estrategicos)<\/p>\n","protected":false},"excerpt":{"rendered":"<p>El ministro coordinador de Sectores Estrat\u00e9gicos, Rafael Poveda Bonilla, cumple una intensa agenda de trabajo en Espa\u00f1a, entre este mi\u00e9rcoles<\/p>\n","protected":false},"author":1,"featured_media":0,"comment_status":"open","ping_status":"open","sticky":false,"template":"","format":"standard","meta":{"footnotes":""},"categories":[1],"tags":[],"_links":{"self":[{"href":"https:\/\/www.ecuadoraldia.com.ec\/index.php?rest_route=\/wp\/v2\/posts\/8977"}],"collection":[{"href":"https:\/\/www.ecuadoraldia.com.ec\/index.php?rest_route=\/wp\/v2\/posts"}],"about":[{"href":"https:\/\/www.ecuadoraldia.com.ec\/index.php?rest_route=\/wp\/v2\/types\/post"}],"author":[{"embeddable":true,"href":"https:\/\/www.ecuadoraldia.com.ec\/index.php?rest_route=\/wp\/v2\/users\/1"}],"replies":[{"embeddable":true,"href":"https:\/\/www.ecuadoraldia.com.ec\/index.php?rest_route=%2Fwp%2Fv2%2Fcomments&post=8977"}],"version-history":[{"count":2,"href":"https:\/\/www.ecuadoraldia.com.ec\/index.php?rest_route=\/wp\/v2\/posts\/8977\/revisions"}],"predecessor-version":[{"id":8980,"href":"https:\/\/www.ecuadoraldia.com.ec\/index.php?rest_route=\/wp\/v2\/posts\/8977\/revisions\/8980"}],"wp:attachment":[{"href":"https:\/\/www.ecuadoraldia.com.ec\/index.php?rest_route=%2Fwp%2Fv2%2Fmedia&parent=8977"}],"wp:term":[{"taxonomy":"category","embeddable":true,"href":"https:\/\/www.ecuadoraldia.com.ec\/index.php?rest_route=%2Fwp%2Fv2%2Fcategories&post=8977"},{"taxonomy":"post_tag","embeddable":true,"href":"https:\/\/www.ecuadoraldia.com.ec\/index.php?rest_route=%2Fwp%2Fv2%2Ftags&post=8977"}],"curies":[{"name":"wp","href":"https:\/\/api.w.org\/{rel}","templated":true}]}}