{"id":898,"date":"2013-11-14T13:38:26","date_gmt":"2013-11-14T13:38:26","guid":{"rendered":"http:\/\/www.ecuadoraldia.com.ec\/?p=898"},"modified":"2013-11-14T13:38:26","modified_gmt":"2013-11-14T13:38:26","slug":"oms-no-existe-epidemia-de-homicidios-en-ecuador","status":"publish","type":"post","link":"https:\/\/www.ecuadoraldia.com.ec\/?p=898","title":{"rendered":"OMS: No existe epidemia de homicidios en Ecuador"},"content":{"rendered":"<p><a href=\"http:\/\/www.ecuadoraldia.com.ec\/wp-content\/uploads\/2013\/11\/oms.jpg\"><img loading=\"lazy\" decoding=\"async\" class=\"alignleft size-medium wp-image-899\" alt=\"oms\" src=\"http:\/\/www.ecuadoraldia.com.ec\/wp-content\/uploads\/2013\/11\/oms-300x197.jpg\" width=\"300\" height=\"197\" srcset=\"https:\/\/www.ecuadoraldia.com.ec\/wp-content\/uploads\/2013\/11\/oms-300x197.jpg 300w, https:\/\/www.ecuadoraldia.com.ec\/wp-content\/uploads\/2013\/11\/oms.jpg 580w\" sizes=\"(max-width: 300px) 100vw, 300px\" \/><\/a>Quito, 13 nov (Andes).- Los logros alcanzados por Ecuador en materia de seguridad descarta totalmente la posibilidad de que el pa\u00eds sea incluido entre las naciones que la Organizaci\u00f3n Mundial de la Salud califica como sujetas a condiciones identificadas como \u201cepidemia\u201d de asesinatos u homicidios.<\/p>\n<p>Manuel Pe\u00f1a, representante de la OMS en Ecuador, precis\u00f3 que Ecuador es uno de los pa\u00edses con mejores resultados en la lucha contra manifestaciones delictivas, como homicidios y asesinatos. Para calificar de una condici\u00f3n de epidemia, la OMS plantea una tasa m\u00ednima de 10 homicidios por cada 100 mil habitantes.<\/p>\n<p>El funcionario se\u00f1al\u00f3 que la tasa de 8,3 homicidios por cada 100 mil habitantes alcanzada por Ecuador hasta lo que va el 2013, \u201cest\u00e1 por debajo de cualquier criterio de epidemia, aunque hemos visto con cierta sorpresa como algunos peri\u00f3dicos han se\u00f1alado el tema de que estamos en epidemia\u201d, dijo.<\/p>\n<p>Pe\u00f1a precisa que las notas publicadas este mi\u00e9rcoles por varios medios de comunicaci\u00f3n ecuatorianos, referentes a la supuesta \u201cepidemia\u201d de asesinatos en Ecuador, manifiesta la utilizaci\u00f3n err\u00f3nea de un informe publicado en 2010, tiempo suficiente para suponer que existe un desfase en cuanto a la real situaci\u00f3n del pa\u00eds.<\/p>\n<p>\u201cEcuador estuvo efectivamente durante decenios con criterios de epidemia, pero ha habido una reducci\u00f3n significativa en los \u00faltimos cinco o seis a\u00f1os que ha bajado de a poco, de 19 a 8,3. Estamos hablando de una reducci\u00f3n de 11 puntos porcentuales y es una cifra importante. Creo que a la poblaci\u00f3n hay que orientarla de forma objetiva\u201d, agreg\u00f3.<\/p>\n<p>Pe\u00f1a se\u00f1ala que los pa\u00edses de la regi\u00f3n reconocen un m\u00e9rito adicional a las pol\u00edticas ecuatorianas sobre seguridad. Se refiere a que la reducci\u00f3n en los indicadores como homicidios se da con la implementaci\u00f3n de pol\u00edticas integrales que complementan el trabajo policial o de control a la violencia.<\/p>\n<p>El representante de la OMS en Ecuador, mencion\u00f3 que la puesta en vigencia de planes como el Buen Vivir, que apuntan a reducir los niveles de pobreza, considerada como uno de los factores desencadenantes de la violencia criminal, es un factor importante en la reducci\u00f3n de los \u00edndices.<\/p>\n<p>Insisti\u00f3 en que Ecuador es el pa\u00eds que m\u00e1s est\u00e1 reduciendo indicadores como homicidios, \u201ces una experiencia que necesariamente tenemos que compartir con los otros pa\u00edses\u201d. (Andes ecuadoraldia.com.ec)<\/p>\n","protected":false},"excerpt":{"rendered":"<p>Quito, 13 nov (Andes).- Los logros alcanzados por Ecuador en materia de seguridad descarta totalmente la posibilidad de que el<\/p>\n","protected":false},"author":1,"featured_media":0,"comment_status":"open","ping_status":"open","sticky":false,"template":"","format":"standard","meta":{"footnotes":""},"categories":[1],"tags":[],"_links":{"self":[{"href":"https:\/\/www.ecuadoraldia.com.ec\/index.php?rest_route=\/wp\/v2\/posts\/898"}],"collection":[{"href":"https:\/\/www.ecuadoraldia.com.ec\/index.php?rest_route=\/wp\/v2\/posts"}],"about":[{"href":"https:\/\/www.ecuadoraldia.com.ec\/index.php?rest_route=\/wp\/v2\/types\/post"}],"author":[{"embeddable":true,"href":"https:\/\/www.ecuadoraldia.com.ec\/index.php?rest_route=\/wp\/v2\/users\/1"}],"replies":[{"embeddable":true,"href":"https:\/\/www.ecuadoraldia.com.ec\/index.php?rest_route=%2Fwp%2Fv2%2Fcomments&post=898"}],"version-history":[{"count":1,"href":"https:\/\/www.ecuadoraldia.com.ec\/index.php?rest_route=\/wp\/v2\/posts\/898\/revisions"}],"predecessor-version":[{"id":900,"href":"https:\/\/www.ecuadoraldia.com.ec\/index.php?rest_route=\/wp\/v2\/posts\/898\/revisions\/900"}],"wp:attachment":[{"href":"https:\/\/www.ecuadoraldia.com.ec\/index.php?rest_route=%2Fwp%2Fv2%2Fmedia&parent=898"}],"wp:term":[{"taxonomy":"category","embeddable":true,"href":"https:\/\/www.ecuadoraldia.com.ec\/index.php?rest_route=%2Fwp%2Fv2%2Fcategories&post=898"},{"taxonomy":"post_tag","embeddable":true,"href":"https:\/\/www.ecuadoraldia.com.ec\/index.php?rest_route=%2Fwp%2Fv2%2Ftags&post=898"}],"curies":[{"name":"wp","href":"https:\/\/api.w.org\/{rel}","templated":true}]}}