{"id":8981,"date":"2015-05-13T13:22:17","date_gmt":"2015-05-13T13:22:17","guid":{"rendered":"http:\/\/www.ecuadoraldia.com.ec\/?p=8981"},"modified":"2015-05-13T13:22:17","modified_gmt":"2015-05-13T13:22:17","slug":"supervisa-la-seguridad-desde-el-ecu-911-sin-descuidar-su-rol-de-madre","status":"publish","type":"post","link":"https:\/\/www.ecuadoraldia.com.ec\/?p=8981","title":{"rendered":"Supervisa la seguridad desde el ECU-911 sin descuidar su rol de madre"},"content":{"rendered":"<p style=\"text-align: justify;\"><a href=\"http:\/\/www.ecuadoraldia.com.ec\/wp-content\/uploads\/2015\/05\/policia.png\"><img loading=\"lazy\" decoding=\"async\" class=\"alignleft size-full wp-image-8982\" alt=\"policia\" src=\"http:\/\/www.ecuadoraldia.com.ec\/wp-content\/uploads\/2015\/05\/policia.png\" width=\"273\" height=\"204\" \/><\/a>Babahoyo.- Desde muy peque\u00f1a, Luvia Noem\u00ed Rivera Rivera sab\u00eda que un d\u00eda, cuando fuera grande, tendr\u00eda una profesi\u00f3n relacionada con el tema de la seguridad.<\/p>\n<p style=\"text-align: justify;\">A los 8 a\u00f1os jugaba con sus primas, fingiendo ser polic\u00eda, aunque tambi\u00e9n so\u00f1aba con tener su propio negocio.<\/p>\n<p style=\"text-align: justify;\">A los 15 a\u00f1os, mientras estaba en el colegio, comenz\u00f3 a sentir atracci\u00f3n por vestir el uniforme de la Polic\u00eda Nacional. Despu\u00e9s que finaliz\u00f3 los estudios secundarios, se prepar\u00f3 para ingresar al curso de la Polic\u00eda en la Escuela de Tambillo (Quito), donde logr\u00f3 conseguir su meta de ser mujer polic\u00eda.<\/p>\n<p style=\"text-align: justify;\">Madre de dos ni\u00f1os<\/p>\n<p style=\"text-align: justify;\">\u201cSer madre es un don que debe celebrarse toda una vida, porque es algo divino que impuso Dios en nuestras vidas\u201d. As\u00ed lo entiende Luvia Noem\u00ed Rivera Rivera, de 34 a\u00f1os.<\/p>\n<p style=\"text-align: justify;\">Ella actualmente ostenta el grado de cabo primero, producto de sus 13 a\u00f1os vistiendo el uniforme de la Instituci\u00f3n policial.<\/p>\n<p style=\"text-align: justify;\">Se caracteriza por ser una mujer de valores, por servir con dedicaci\u00f3n a la ciudadan\u00eda, aunque a veces le toca tratar con personas de buena y mala conducta. Es oriunda del cant\u00f3n Chaguarpamba, provincia de Loja; tambi\u00e9n es madre de dos ni\u00f1os, Antony y Jair Freire de 7 y 5 a\u00f1os respectivamente, quienes se han convertido en su mayor motivaci\u00f3n.<\/p>\n<p style=\"text-align: justify;\">Diariamente los gu\u00eda y siempre trata de entablar contacto con ellos para ense\u00f1arles cosas positivas y exigirles que entre ellos haya respeto y sean buenos estudiantes. Cuando ha caminado por los pasillos de la escuela Jos\u00e9 Mar\u00eda Estrada (Babahoyo), con el uniforme puesto y escucha que los dem\u00e1s ni\u00f1os les dicen a sus hijos: \u201cTu mam\u00e1 es polic\u00eda\u201d, ella se siente orgullosa y se emociona.<\/p>\n<p style=\"text-align: justify;\">Su lugar de trabajo<\/p>\n<p style=\"text-align: justify;\">Luvia Rivera cumple las funciones de radio operadora desde haces 16 meses en las instalaciones del ECU-911 de Babahoyo. Considera que el papel de una madre ha crecido en todo los sentidos.<\/p>\n<p style=\"text-align: justify;\">\u201cLas mujeres de ahora nos hacemos respetar, valorar, y ocupamos espacios en la sociedad que antes nadie se imaginable\u201d, agrega. A pesar de ser un trabajo \u00fanico, donde ning\u00fan d\u00eda es igual al anterior, por la cantidad de denuncias que se receptan desde las provincias de Los R\u00edos y Bol\u00edvar, siente que es corto el tiempo que tiene para ver a su familia.<\/p>\n<p style=\"text-align: justify;\">Est\u00e1 comprometida sentimentalmente con Mario Freire, quien tambi\u00e9n es polic\u00eda y padre de sus dos hijos. Lo conoci\u00f3 hace una d\u00e9cada cuando estuvo trabajando en la ciudad de Latacunga.<\/p>\n<p style=\"text-align: justify;\">\u00c9l la apoya en todas las decisiones que ella toma y aprovechan los ratos libres para pasar en familia y planificar viajes para librarse del estr\u00e9s. El domingo 10 de mayo, ambos estuvieron franco y compartieron el D\u00eda de la Madre a manera de homenaje, junto a otros seres queridos, en el cant\u00f3n San Miguel de Bol\u00edvar.<\/p>\n<p style=\"text-align: justify;\">En los festejos, Luvia Noem\u00ed Rivera Rivera recibi\u00f3, llena de emoci\u00f3n y gratitud, mensajes de felicitaciones y los regalos que le hicieron sus peque\u00f1os hijos. Redacci\u00f3n G. F.\/Los R\u00edos.(Min Interior)<\/p>\n","protected":false},"excerpt":{"rendered":"<p>Babahoyo.- Desde muy peque\u00f1a, Luvia Noem\u00ed Rivera Rivera sab\u00eda que un d\u00eda, cuando fuera grande, tendr\u00eda una profesi\u00f3n relacionada con<\/p>\n","protected":false},"author":1,"featured_media":0,"comment_status":"open","ping_status":"open","sticky":false,"template":"","format":"standard","meta":{"footnotes":""},"categories":[20],"tags":[],"_links":{"self":[{"href":"https:\/\/www.ecuadoraldia.com.ec\/index.php?rest_route=\/wp\/v2\/posts\/8981"}],"collection":[{"href":"https:\/\/www.ecuadoraldia.com.ec\/index.php?rest_route=\/wp\/v2\/posts"}],"about":[{"href":"https:\/\/www.ecuadoraldia.com.ec\/index.php?rest_route=\/wp\/v2\/types\/post"}],"author":[{"embeddable":true,"href":"https:\/\/www.ecuadoraldia.com.ec\/index.php?rest_route=\/wp\/v2\/users\/1"}],"replies":[{"embeddable":true,"href":"https:\/\/www.ecuadoraldia.com.ec\/index.php?rest_route=%2Fwp%2Fv2%2Fcomments&post=8981"}],"version-history":[{"count":1,"href":"https:\/\/www.ecuadoraldia.com.ec\/index.php?rest_route=\/wp\/v2\/posts\/8981\/revisions"}],"predecessor-version":[{"id":8983,"href":"https:\/\/www.ecuadoraldia.com.ec\/index.php?rest_route=\/wp\/v2\/posts\/8981\/revisions\/8983"}],"wp:attachment":[{"href":"https:\/\/www.ecuadoraldia.com.ec\/index.php?rest_route=%2Fwp%2Fv2%2Fmedia&parent=8981"}],"wp:term":[{"taxonomy":"category","embeddable":true,"href":"https:\/\/www.ecuadoraldia.com.ec\/index.php?rest_route=%2Fwp%2Fv2%2Fcategories&post=8981"},{"taxonomy":"post_tag","embeddable":true,"href":"https:\/\/www.ecuadoraldia.com.ec\/index.php?rest_route=%2Fwp%2Fv2%2Ftags&post=8981"}],"curies":[{"name":"wp","href":"https:\/\/api.w.org\/{rel}","templated":true}]}}