{"id":8984,"date":"2015-05-13T13:23:12","date_gmt":"2015-05-13T13:23:12","guid":{"rendered":"http:\/\/www.ecuadoraldia.com.ec\/?p=8984"},"modified":"2015-05-13T13:23:12","modified_gmt":"2015-05-13T13:23:12","slug":"para-brindar-seguridad-en-el-crs-de-cuenca-los-policias-se-capacitan","status":"publish","type":"post","link":"https:\/\/www.ecuadoraldia.com.ec\/?p=8984","title":{"rendered":"Para brindar seguridad en el CRS de Cuenca, los polic\u00edas se capacitan"},"content":{"rendered":"<p style=\"text-align: justify;\"><a href=\"http:\/\/www.ecuadoraldia.com.ec\/wp-content\/uploads\/2015\/05\/policias-azuay.png\"><img loading=\"lazy\" decoding=\"async\" class=\"alignleft size-medium wp-image-8985\" alt=\"policias azuay\" src=\"http:\/\/www.ecuadoraldia.com.ec\/wp-content\/uploads\/2015\/05\/policias-azuay-300x198.png\" width=\"300\" height=\"198\" srcset=\"https:\/\/www.ecuadoraldia.com.ec\/wp-content\/uploads\/2015\/05\/policias-azuay-300x198.png 300w, https:\/\/www.ecuadoraldia.com.ec\/wp-content\/uploads\/2015\/05\/policias-azuay.png 307w\" sizes=\"(max-width: 300px) 100vw, 300px\" \/><\/a>Cuenca.- El equipo de la Unidad de Contingencia Penitenciaria de la Polic\u00eda Nacional, que brinda su servicio en el Centro de Rehabilitaci\u00f3n Social (CRS) de Cuenca, recibi\u00f3 una capacitaci\u00f3n sobre el manejo del equipo antimotines que fue entregado por el Ministerio de Justicia, para mantener el orden.<\/p>\n<p style=\"text-align: justify;\">El teniente coronel Fausto Buena\u00f1o, director de Seguridad del Ministerio de Justicia, coment\u00f3 que la capacitaci\u00f3n fue dirigida a los miembros de la Polic\u00eda Nacional y a los agentes de seguridad penitenciaria que custodian los diferentes centros de rehabilitaci\u00f3n del pa\u00eds.<\/p>\n<p style=\"text-align: justify;\">\u201cEsta capacitaci\u00f3n se desarroll\u00f3 en las regionales de Guayas, Cotopaxi y Azuay. Durante la misma se refrescaron los conocimientos sobre el manejo de los implementos antimotines que se adquiri\u00f3 para reforzar la seguridad en los centros de rehabilitaci\u00f3n social\u201d, indic\u00f3 el funcionario.<\/p>\n<p style=\"text-align: justify;\">El equipo con el que contar\u00e1n los polic\u00edas est\u00e1 conformado por un escudo, una mochila gasificadora, el traje antimotines, casco y m\u00e1scaras.<\/p>\n<p style=\"text-align: justify;\">Preparaci\u00f3n<\/p>\n<p style=\"text-align: justify;\">El sargento Eulogio Moreno, quien forma parte de la contingencia penitenciaria en el CRS Turi, indic\u00f3 que la capacitaci\u00f3n recibida tambi\u00e9n incluye la manera de actuar a la hora de una situaci\u00f3n emergente en el centro de rehabilitaci\u00f3n social.<\/p>\n<p style=\"text-align: justify;\">\u201cDesde c\u00f3mo cargar la mochila de gas, hasta c\u00f3mo actuar con serenidad ante una emergencia son dos temas de gran importancia. La primera opci\u00f3n siempre ser\u00e1 calmar la situaci\u00f3n agresiva para mantener la calma al interior del CRS\u201d, coment\u00f3 el uniformado.<\/p>\n<p style=\"text-align: justify;\">Moreno agreg\u00f3 que este tipo de capacitaci\u00f3n se mantendr\u00e1 durante el presente a\u00f1o, adicionalmente se est\u00e1 coordinado permanentemente con otras unidades de socorro y asistencia, con el objetivo de efectuar una trabajo conjunto y adecuado en caso de una emergencia mayor. Redacci\u00f3n M. N. \/Azuay. (Min Interior)<\/p>\n","protected":false},"excerpt":{"rendered":"<p>Cuenca.- El equipo de la Unidad de Contingencia Penitenciaria de la Polic\u00eda Nacional, que brinda su servicio en el Centro<\/p>\n","protected":false},"author":1,"featured_media":0,"comment_status":"open","ping_status":"open","sticky":false,"template":"","format":"standard","meta":{"footnotes":""},"categories":[20],"tags":[],"_links":{"self":[{"href":"https:\/\/www.ecuadoraldia.com.ec\/index.php?rest_route=\/wp\/v2\/posts\/8984"}],"collection":[{"href":"https:\/\/www.ecuadoraldia.com.ec\/index.php?rest_route=\/wp\/v2\/posts"}],"about":[{"href":"https:\/\/www.ecuadoraldia.com.ec\/index.php?rest_route=\/wp\/v2\/types\/post"}],"author":[{"embeddable":true,"href":"https:\/\/www.ecuadoraldia.com.ec\/index.php?rest_route=\/wp\/v2\/users\/1"}],"replies":[{"embeddable":true,"href":"https:\/\/www.ecuadoraldia.com.ec\/index.php?rest_route=%2Fwp%2Fv2%2Fcomments&post=8984"}],"version-history":[{"count":1,"href":"https:\/\/www.ecuadoraldia.com.ec\/index.php?rest_route=\/wp\/v2\/posts\/8984\/revisions"}],"predecessor-version":[{"id":8986,"href":"https:\/\/www.ecuadoraldia.com.ec\/index.php?rest_route=\/wp\/v2\/posts\/8984\/revisions\/8986"}],"wp:attachment":[{"href":"https:\/\/www.ecuadoraldia.com.ec\/index.php?rest_route=%2Fwp%2Fv2%2Fmedia&parent=8984"}],"wp:term":[{"taxonomy":"category","embeddable":true,"href":"https:\/\/www.ecuadoraldia.com.ec\/index.php?rest_route=%2Fwp%2Fv2%2Fcategories&post=8984"},{"taxonomy":"post_tag","embeddable":true,"href":"https:\/\/www.ecuadoraldia.com.ec\/index.php?rest_route=%2Fwp%2Fv2%2Ftags&post=8984"}],"curies":[{"name":"wp","href":"https:\/\/api.w.org\/{rel}","templated":true}]}}