{"id":8987,"date":"2015-05-13T13:24:01","date_gmt":"2015-05-13T13:24:01","guid":{"rendered":"http:\/\/www.ecuadoraldia.com.ec\/?p=8987"},"modified":"2015-05-13T13:24:01","modified_gmt":"2015-05-13T13:24:01","slug":"dos-organizaciones-delictivas-fueron-desarticuladas-en-ponce-enriquez-azuay","status":"publish","type":"post","link":"https:\/\/www.ecuadoraldia.com.ec\/?p=8987","title":{"rendered":"Dos organizaciones delictivas fueron desarticuladas en Ponce Enr\u00edquez, Azuay"},"content":{"rendered":"<p style=\"text-align: justify;\"><a href=\"http:\/\/www.ecuadoraldia.com.ec\/wp-content\/uploads\/2015\/05\/bandas.png\"><img loading=\"lazy\" decoding=\"async\" class=\"alignleft size-full wp-image-8988\" alt=\"bandas\" src=\"http:\/\/www.ecuadoraldia.com.ec\/wp-content\/uploads\/2015\/05\/bandas.png\" width=\"285\" height=\"172\" \/><\/a>Cuenca.- El compromiso asumido por la Polic\u00eda Nacional de garantizar la seguridad en la provincia del Azuay, especialmente en el cant\u00f3n minero de Camilo Ponce Enr\u00edquez, se refuerza. En los \u00faltimos d\u00edas se logr\u00f3 la desarticulaci\u00f3n de dos presuntas bandas delictivas que se dedicaban al robo, comercio de drogas y de objetos de dudosa procedencia.<\/p>\n<p style=\"text-align: justify;\">Como resultado de estos operativos, los uniformados detuvieron a seis sospechosos, armas de fuego, alrededor de 1,2 kilos de droga y un sinn\u00famero de evidencias que los vincular\u00eda con estos delitos.<\/p>\n<p style=\"text-align: justify;\">El coronel Pablo Ram\u00edrez, jefe accidental de la subzona Azuay, indic\u00f3 que estas acciones responden a un trabajo de Inteligencia coordinado entre las diferentes unidades de la Polic\u00eda Nacional. \u201cPersonal del Antinarc\u00f3ticos, Polic\u00eda Judicial y Servicio Urbano particip\u00f3 activamente para la localizaci\u00f3n y captura de los sospechosos\u201d, agreg\u00f3.<\/p>\n<p style=\"text-align: justify;\">Operativos<\/p>\n<p style=\"text-align: justify;\">El primer operativo se ejecut\u00f3 luego de que la actitud sospechosa de varios sujetos que se acercaban a una casa con frecuencia alert\u00f3 a los polic\u00edas en el cant\u00f3n, quienes coordinaron la intervenci\u00f3n con los agentes. Al llegar al lugar sorprendieron a tres sujetos comercializando sustancias prohibidas.<\/p>\n<p style=\"text-align: justify;\">Los detenidos fueron identificados como Elver C., de 20 a\u00f1os; Adri\u00e1n A., de 20; y Edgar C, de 22 a\u00f1os; quienes desde la vivienda comercializaban las sustancias prohibidas. Ellos recib\u00edan dinero en efectivo por la droga u objetos de dudosa procedencia como parte de pago.<\/p>\n<p style=\"text-align: justify;\">Entre las evidencias, la Polic\u00eda encontr\u00f3 cinco bicicletas, cinco tel\u00e9fonos celulares, televisores, prendas de vestir, herramientas, cascos, accesorios de veh\u00edculos, cuchillos, dinero en efectivo, libretas de ahorro, etc. Adicionalmente se hall\u00f3 un arma de fuego y 113 gramos de droga en poder de los sospechosos, quienes hoy se encuentran detenidos.<\/p>\n<p style=\"text-align: justify;\">Allanamiento<\/p>\n<p style=\"text-align: justify;\">Agentes Antinarc\u00f3ticos y personal de la Fiscal\u00eda desarrollaron un operativo, en el cant\u00f3n, que permiti\u00f3 la captura de aproximadamente 1,2 kilos de droga y la detenci\u00f3n de dos presuntos expendedores, as\u00ed como varias evidencias que los vincular\u00edan con este delito.<\/p>\n<p style=\"text-align: justify;\">Los detenidos responden a los nombres de Mar\u00eda L., de 34 a\u00f1os y Marco G., de 18 a\u00f1os, en cuya vivienda se encontr\u00f3 130 gramos de marihuana y 1 kilo de base de coca\u00edna, as\u00ed como dinero en efectivo y objetos de dudosa procedencia que aparentemente eran intercambiados por la droga.<\/p>\n<p style=\"text-align: justify;\">El capit\u00e1n Diego Genovez, de Antinarc\u00f3ticos, indic\u00f3 que la colaboraci\u00f3n ciudadana fue importante para capturar a estos expendedores, ya que su modo de operaci\u00f3n est\u00e1 vinculado con el robo a personas, domicilio y accesorios de veh\u00edculos. Redacci\u00f3n M. N. \/Azuay.(Min Interior)<\/p>\n","protected":false},"excerpt":{"rendered":"<p>Cuenca.- El compromiso asumido por la Polic\u00eda Nacional de garantizar la seguridad en la provincia del Azuay, especialmente en el<\/p>\n","protected":false},"author":1,"featured_media":0,"comment_status":"open","ping_status":"open","sticky":false,"template":"","format":"standard","meta":{"footnotes":""},"categories":[20],"tags":[],"_links":{"self":[{"href":"https:\/\/www.ecuadoraldia.com.ec\/index.php?rest_route=\/wp\/v2\/posts\/8987"}],"collection":[{"href":"https:\/\/www.ecuadoraldia.com.ec\/index.php?rest_route=\/wp\/v2\/posts"}],"about":[{"href":"https:\/\/www.ecuadoraldia.com.ec\/index.php?rest_route=\/wp\/v2\/types\/post"}],"author":[{"embeddable":true,"href":"https:\/\/www.ecuadoraldia.com.ec\/index.php?rest_route=\/wp\/v2\/users\/1"}],"replies":[{"embeddable":true,"href":"https:\/\/www.ecuadoraldia.com.ec\/index.php?rest_route=%2Fwp%2Fv2%2Fcomments&post=8987"}],"version-history":[{"count":1,"href":"https:\/\/www.ecuadoraldia.com.ec\/index.php?rest_route=\/wp\/v2\/posts\/8987\/revisions"}],"predecessor-version":[{"id":8989,"href":"https:\/\/www.ecuadoraldia.com.ec\/index.php?rest_route=\/wp\/v2\/posts\/8987\/revisions\/8989"}],"wp:attachment":[{"href":"https:\/\/www.ecuadoraldia.com.ec\/index.php?rest_route=%2Fwp%2Fv2%2Fmedia&parent=8987"}],"wp:term":[{"taxonomy":"category","embeddable":true,"href":"https:\/\/www.ecuadoraldia.com.ec\/index.php?rest_route=%2Fwp%2Fv2%2Fcategories&post=8987"},{"taxonomy":"post_tag","embeddable":true,"href":"https:\/\/www.ecuadoraldia.com.ec\/index.php?rest_route=%2Fwp%2Fv2%2Ftags&post=8987"}],"curies":[{"name":"wp","href":"https:\/\/api.w.org\/{rel}","templated":true}]}}