{"id":8990,"date":"2015-05-13T13:27:38","date_gmt":"2015-05-13T13:27:38","guid":{"rendered":"http:\/\/www.ecuadoraldia.com.ec\/?p=8990"},"modified":"2015-05-13T13:27:38","modified_gmt":"2015-05-13T13:27:38","slug":"estudiante-seguro-vincula-a-autoridades-alumnos-y-padres-de-familia-en-manabi","status":"publish","type":"post","link":"https:\/\/www.ecuadoraldia.com.ec\/?p=8990","title":{"rendered":"Estudiante Seguro\u2019 vincula a autoridades, alumnos y padres de familia, en Manab\u00ed"},"content":{"rendered":"<p style=\"text-align: justify;\"><a href=\"http:\/\/www.ecuadoraldia.com.ec\/wp-content\/uploads\/2015\/05\/policia-y-ni\u00f1os-manabi.png\"><img loading=\"lazy\" decoding=\"async\" class=\"alignleft size-medium wp-image-8991\" alt=\"policia y ni\u00f1os manabi\" src=\"http:\/\/www.ecuadoraldia.com.ec\/wp-content\/uploads\/2015\/05\/policia-y-ni\u00f1os-manabi-300x226.png\" width=\"300\" height=\"226\" srcset=\"https:\/\/www.ecuadoraldia.com.ec\/wp-content\/uploads\/2015\/05\/policia-y-ni\u00f1os-manabi-300x226.png 300w, https:\/\/www.ecuadoraldia.com.ec\/wp-content\/uploads\/2015\/05\/policia-y-ni\u00f1os-manabi.png 302w\" sizes=\"(max-width: 300px) 100vw, 300px\" \/><\/a>Portoviejo.- Con el inicio de clases, en Manab\u00ed se promueve la campa\u00f1a policial \u2018Estudiante Seguro\u2019, que pretende, en primera instancia, detectar problemas dentro de las instituciones educativas y luego buscar soluciones integrales.<\/p>\n<p style=\"text-align: justify;\">El mayor C\u00e9sar Carrea, jefe de Polic\u00eda Comunitaria de Manab\u00ed, manifest\u00f3 que un equipo policial acudi\u00f3 a una escuela particular en la capital manabita y de esta forma se realizar\u00e1n visitas a las diversas instituciones en toda la provincia.<\/p>\n<p style=\"text-align: justify;\">\u201cLa campa\u00f1a apunta a la ni\u00f1ez porque la Polic\u00eda Nacional desea construir un futuro en el cual los j\u00f3venes sean los l\u00edderes que lleven la bandera del desarrollo, progreso y de la grandeza de nuestro pa\u00eds\u201d, enfatiz\u00f3 el uniformado.<\/p>\n<p style=\"text-align: justify;\">Los polic\u00edas comunitarios est\u00e1n realizando un listado de las instituciones educativas para llegar a ellas y hablar con las autoridades y padres de familia. \u201cNos encontramos muy comprometidos, desde el coronel Enrique Su\u00e1rez, comandante de la provincia y todos los polic\u00edas\u201d, a\u00f1adi\u00f3 Carrera.<\/p>\n<p style=\"text-align: justify;\">La semana pasada, los uniformados entregaron stickers, con el nombre de \u2018Estudiante Seguro\u2019 y la frase: \u201cCuidando nuestra juventud\u2026 hay futuro, desarrollo y progreso\u201d.<\/p>\n<p style=\"text-align: justify;\">Problem\u00e1tica<\/p>\n<p style=\"text-align: justify;\">Entre los aspectos que la Polic\u00eda Nacional pretende detectar est\u00e1n los casos de microtr\u00e1fico, problemas intrafamiliares, bullying, entre otros.<\/p>\n<p style=\"text-align: justify;\">La Polic\u00eda Nacional solicita a las autoridades y padres de familia que colaboren con el correcto desarrollo de los ni\u00f1os y ni\u00f1as, sobre todo en aspectos de seguridad. Redacci\u00f3n G.V. \/Manab\u00ed.(Fuente Min Interior)<\/p>\n","protected":false},"excerpt":{"rendered":"<p>Portoviejo.- Con el inicio de clases, en Manab\u00ed se promueve la campa\u00f1a policial \u2018Estudiante Seguro\u2019, que pretende, en primera instancia,<\/p>\n","protected":false},"author":1,"featured_media":0,"comment_status":"open","ping_status":"open","sticky":false,"template":"","format":"standard","meta":{"footnotes":""},"categories":[4],"tags":[],"_links":{"self":[{"href":"https:\/\/www.ecuadoraldia.com.ec\/index.php?rest_route=\/wp\/v2\/posts\/8990"}],"collection":[{"href":"https:\/\/www.ecuadoraldia.com.ec\/index.php?rest_route=\/wp\/v2\/posts"}],"about":[{"href":"https:\/\/www.ecuadoraldia.com.ec\/index.php?rest_route=\/wp\/v2\/types\/post"}],"author":[{"embeddable":true,"href":"https:\/\/www.ecuadoraldia.com.ec\/index.php?rest_route=\/wp\/v2\/users\/1"}],"replies":[{"embeddable":true,"href":"https:\/\/www.ecuadoraldia.com.ec\/index.php?rest_route=%2Fwp%2Fv2%2Fcomments&post=8990"}],"version-history":[{"count":1,"href":"https:\/\/www.ecuadoraldia.com.ec\/index.php?rest_route=\/wp\/v2\/posts\/8990\/revisions"}],"predecessor-version":[{"id":8992,"href":"https:\/\/www.ecuadoraldia.com.ec\/index.php?rest_route=\/wp\/v2\/posts\/8990\/revisions\/8992"}],"wp:attachment":[{"href":"https:\/\/www.ecuadoraldia.com.ec\/index.php?rest_route=%2Fwp%2Fv2%2Fmedia&parent=8990"}],"wp:term":[{"taxonomy":"category","embeddable":true,"href":"https:\/\/www.ecuadoraldia.com.ec\/index.php?rest_route=%2Fwp%2Fv2%2Fcategories&post=8990"},{"taxonomy":"post_tag","embeddable":true,"href":"https:\/\/www.ecuadoraldia.com.ec\/index.php?rest_route=%2Fwp%2Fv2%2Ftags&post=8990"}],"curies":[{"name":"wp","href":"https:\/\/api.w.org\/{rel}","templated":true}]}}