{"id":8993,"date":"2015-05-13T13:29:29","date_gmt":"2015-05-13T13:29:29","guid":{"rendered":"http:\/\/www.ecuadoraldia.com.ec\/?p=8993"},"modified":"2015-05-13T13:29:29","modified_gmt":"2015-05-13T13:29:29","slug":"robo-a-local-comercial-y-entidad-bancaria-son-investigados-por-la-policia","status":"publish","type":"post","link":"https:\/\/www.ecuadoraldia.com.ec\/?p=8993","title":{"rendered":"Robo a local comercial y entidad bancaria son investigados por la Polic\u00eda"},"content":{"rendered":"<p style=\"text-align: justify;\"><a href=\"http:\/\/www.ecuadoraldia.com.ec\/wp-content\/uploads\/2015\/05\/accion-polician-azuay.png\"><img loading=\"lazy\" decoding=\"async\" class=\"alignleft size-medium wp-image-8994\" alt=\"accion polician azuay\" src=\"http:\/\/www.ecuadoraldia.com.ec\/wp-content\/uploads\/2015\/05\/accion-polician-azuay-300x224.png\" width=\"300\" height=\"224\" srcset=\"https:\/\/www.ecuadoraldia.com.ec\/wp-content\/uploads\/2015\/05\/accion-polician-azuay-300x224.png 300w, https:\/\/www.ecuadoraldia.com.ec\/wp-content\/uploads\/2015\/05\/accion-polician-azuay.png 560w\" sizes=\"(max-width: 300px) 100vw, 300px\" \/><\/a>Cuenca.- Durante el \u00faltimo fin de semana, dos hechos delictivos alertaron al personal de la Polic\u00eda Nacional. Las unidades de investigaci\u00f3n est\u00e1n en la etapa de b\u00fasqueda de los implicados.<\/p>\n<p style=\"text-align: justify;\">Seg\u00fan el informe del teniente coronel Pablo Ram\u00edrez, jefe encargado del Comando Provincial de la Polic\u00eda del Azuay, la ma\u00f1ana del domingo, personal de Criminal\u00edstica, Polic\u00eda Judicial y Fiscal\u00eda realizaron el levantamiento de las evidencias, en los dos lugares afectados.<\/p>\n<p style=\"text-align: justify;\">El primer caso se efectu\u00f3 en la bodega de una ferreter\u00eda ubicada al interior de un centro comercial de la ciudad donde ocurri\u00f3 un robo. En el lugar, los delincuentes habr\u00edan ingresado por un orificio del techo, para luego abrir la caja fuerte y sustraerse cerca de 70 mil d\u00f3lares en efectivo y un aproximado de 15 mil d\u00f3lares en tarjetas de cr\u00e9dito.<\/p>\n<p style=\"text-align: justify;\">En un segundo caso, el robo ocurri\u00f3 en una agencia bancaria, donde a\u00fan se desconoce el monto econ\u00f3mico de p\u00e9rdida.<\/p>\n<p style=\"text-align: justify;\">\u201cLos casos est\u00e1n en investigaci\u00f3n previa y con la recopilaci\u00f3n de indicios y la investigaci\u00f3n policial y Fiscal\u00eda se avanza para dar con el paradero de los sospechosos. Con la indagaci\u00f3n estamos tras las pistas de los implicados y esperamos que en los pr\u00f3ximos d\u00edas tengamos respuestas positivas\u201d, indic\u00f3 Ram\u00edrez.<\/p>\n<p style=\"text-align: justify;\">El oficial indic\u00f3 que al momento no puede dar detalles del proceso investigativo, pero asegur\u00f3 que las diligencias van por buen camino para que este tipo de delitos no queden en la impunidad. Redacci\u00f3n M. N. \/Azuay. (Fuente Min Interior)<\/p>\n","protected":false},"excerpt":{"rendered":"<p>Cuenca.- Durante el \u00faltimo fin de semana, dos hechos delictivos alertaron al personal de la Polic\u00eda Nacional. Las unidades de<\/p>\n","protected":false},"author":1,"featured_media":0,"comment_status":"open","ping_status":"open","sticky":false,"template":"","format":"standard","meta":{"footnotes":""},"categories":[20],"tags":[],"_links":{"self":[{"href":"https:\/\/www.ecuadoraldia.com.ec\/index.php?rest_route=\/wp\/v2\/posts\/8993"}],"collection":[{"href":"https:\/\/www.ecuadoraldia.com.ec\/index.php?rest_route=\/wp\/v2\/posts"}],"about":[{"href":"https:\/\/www.ecuadoraldia.com.ec\/index.php?rest_route=\/wp\/v2\/types\/post"}],"author":[{"embeddable":true,"href":"https:\/\/www.ecuadoraldia.com.ec\/index.php?rest_route=\/wp\/v2\/users\/1"}],"replies":[{"embeddable":true,"href":"https:\/\/www.ecuadoraldia.com.ec\/index.php?rest_route=%2Fwp%2Fv2%2Fcomments&post=8993"}],"version-history":[{"count":2,"href":"https:\/\/www.ecuadoraldia.com.ec\/index.php?rest_route=\/wp\/v2\/posts\/8993\/revisions"}],"predecessor-version":[{"id":8996,"href":"https:\/\/www.ecuadoraldia.com.ec\/index.php?rest_route=\/wp\/v2\/posts\/8993\/revisions\/8996"}],"wp:attachment":[{"href":"https:\/\/www.ecuadoraldia.com.ec\/index.php?rest_route=%2Fwp%2Fv2%2Fmedia&parent=8993"}],"wp:term":[{"taxonomy":"category","embeddable":true,"href":"https:\/\/www.ecuadoraldia.com.ec\/index.php?rest_route=%2Fwp%2Fv2%2Fcategories&post=8993"},{"taxonomy":"post_tag","embeddable":true,"href":"https:\/\/www.ecuadoraldia.com.ec\/index.php?rest_route=%2Fwp%2Fv2%2Ftags&post=8993"}],"curies":[{"name":"wp","href":"https:\/\/api.w.org\/{rel}","templated":true}]}}