{"id":8997,"date":"2015-05-13T13:34:17","date_gmt":"2015-05-13T13:34:17","guid":{"rendered":"http:\/\/www.ecuadoraldia.com.ec\/?p=8997"},"modified":"2015-05-13T13:34:17","modified_gmt":"2015-05-13T13:34:17","slug":"barbie-humana-ahora-quiere-ser-una-guerrera-amazonica","status":"publish","type":"post","link":"https:\/\/www.ecuadoraldia.com.ec\/?p=8997","title":{"rendered":"Barbie humana ahora quiere ser \u00abuna guerrera amaz\u00f3nica\u00bb"},"content":{"rendered":"<p style=\"text-align: justify;\"><a href=\"http:\/\/www.ecuadoraldia.com.ec\/wp-content\/uploads\/2015\/05\/barbie-humana.jpg\"><img loading=\"lazy\" decoding=\"async\" class=\"alignleft size-medium wp-image-8998\" alt=\"barbie humana\" src=\"http:\/\/www.ecuadoraldia.com.ec\/wp-content\/uploads\/2015\/05\/barbie-humana-300x240.jpg\" width=\"300\" height=\"240\" srcset=\"https:\/\/www.ecuadoraldia.com.ec\/wp-content\/uploads\/2015\/05\/barbie-humana-300x240.jpg 300w, https:\/\/www.ecuadoraldia.com.ec\/wp-content\/uploads\/2015\/05\/barbie-humana.jpg 302w\" sizes=\"(max-width: 300px) 100vw, 300px\" \/><\/a>La Barbie humana Valeria Lukyanova volvi\u00f3 a mostrarse en p\u00fablico despu\u00e9s de un par\u00e9ntesis de seis meses. La modelo ucraniana, de 29 a\u00f1os, parece haber desarrollado un nuevo conjunto de diminutos pero bien definidos abdominales, seg\u00fan las fotos que realiz\u00f3 en honor a la llegada de la primavera.<\/p>\n<p style=\"text-align: justify;\">Valeria hab\u00eda dicho que ya no le gustaba su cuerpo delgado y que hab\u00eda decidido que quer\u00eda tener m\u00fasculos, con el fin de emular a una guerrera amaz\u00f3nica. Adem\u00e1s, insisti\u00f3 en que su aspecto es totalmente natural, a excepci\u00f3n del busto.<\/p>\n<p style=\"text-align: justify;\">Aparenta ahora estar con buen \u00e1nimo tras su terrible experiencia en noviembre pasado. Seg\u00fan su propio relato, fue v\u00edctima de un ataque al azar cerca de su casa en Ucrania, durante el cual fue \u00abgolpeada y estrangulada\u00bb por dos hombres en la noche de Halloween y posteriormente hospitalizada por sus heridas faciales.<\/p>\n<p style=\"text-align: justify;\">Algunos acusaron a la modelo de utilizar el ataque como una historia de encubrimiento luego de haber pasado realmente en el hospital para una cirug\u00eda est\u00e9tica, pero Valeria lo neg\u00f3.<\/p>\n<p style=\"text-align: justify;\">El a\u00f1o pasado, ella admiti\u00f3 que quer\u00eda convertirse en una \u00abAmazon Woman\u00bb, despu\u00e9s de haber sido inspirada por las guerreras femeninas de la mitolog\u00eda griega. \u00abEllas ten\u00edan una figura hermosa y guerrera\u00bb, dijo Valeria, quien est\u00e1 casada con el empresario ucraniano Dmitry Shkrabov. \u00abQuiero esa figura magn\u00edfica. Ya no me gusta mi cuerpo. Necesito un poco de m\u00fasculo\u00bb.<\/p>\n<p style=\"text-align: justify;\">Valeria, que ha dedicado su vida a imitar la famosa mu\u00f1eca estadounidense, afirma que ha dejado de fumar y beber y sigue una dieta muy estricta, come peque\u00f1as cantidades de pescado crudo y bebe jugo de fruta fresca y agua.(Infobae)<\/p>\n","protected":false},"excerpt":{"rendered":"<p>La Barbie humana Valeria Lukyanova volvi\u00f3 a mostrarse en p\u00fablico despu\u00e9s de un par\u00e9ntesis de seis meses. La modelo ucraniana,<\/p>\n","protected":false},"author":1,"featured_media":0,"comment_status":"open","ping_status":"open","sticky":false,"template":"","format":"standard","meta":{"footnotes":""},"categories":[1],"tags":[],"_links":{"self":[{"href":"https:\/\/www.ecuadoraldia.com.ec\/index.php?rest_route=\/wp\/v2\/posts\/8997"}],"collection":[{"href":"https:\/\/www.ecuadoraldia.com.ec\/index.php?rest_route=\/wp\/v2\/posts"}],"about":[{"href":"https:\/\/www.ecuadoraldia.com.ec\/index.php?rest_route=\/wp\/v2\/types\/post"}],"author":[{"embeddable":true,"href":"https:\/\/www.ecuadoraldia.com.ec\/index.php?rest_route=\/wp\/v2\/users\/1"}],"replies":[{"embeddable":true,"href":"https:\/\/www.ecuadoraldia.com.ec\/index.php?rest_route=%2Fwp%2Fv2%2Fcomments&post=8997"}],"version-history":[{"count":2,"href":"https:\/\/www.ecuadoraldia.com.ec\/index.php?rest_route=\/wp\/v2\/posts\/8997\/revisions"}],"predecessor-version":[{"id":9000,"href":"https:\/\/www.ecuadoraldia.com.ec\/index.php?rest_route=\/wp\/v2\/posts\/8997\/revisions\/9000"}],"wp:attachment":[{"href":"https:\/\/www.ecuadoraldia.com.ec\/index.php?rest_route=%2Fwp%2Fv2%2Fmedia&parent=8997"}],"wp:term":[{"taxonomy":"category","embeddable":true,"href":"https:\/\/www.ecuadoraldia.com.ec\/index.php?rest_route=%2Fwp%2Fv2%2Fcategories&post=8997"},{"taxonomy":"post_tag","embeddable":true,"href":"https:\/\/www.ecuadoraldia.com.ec\/index.php?rest_route=%2Fwp%2Fv2%2Ftags&post=8997"}],"curies":[{"name":"wp","href":"https:\/\/api.w.org\/{rel}","templated":true}]}}