{"id":9001,"date":"2015-05-13T23:30:02","date_gmt":"2015-05-13T23:30:02","guid":{"rendered":"http:\/\/www.ecuadoraldia.com.ec\/?p=9001"},"modified":"2015-05-13T23:30:36","modified_gmt":"2015-05-13T23:30:36","slug":"ejecutivo-decreta-la-creacion-de-banecuador","status":"publish","type":"post","link":"https:\/\/www.ecuadoraldia.com.ec\/?p=9001","title":{"rendered":"Ejecutivo decreta  creaci\u00f3n de BanEcuador"},"content":{"rendered":"<p style=\"text-align: justify;\"><a href=\"http:\/\/www.ecuadoraldia.com.ec\/wp-content\/uploads\/2015\/05\/la_banca-1.jpg\"><img loading=\"lazy\" decoding=\"async\" class=\"alignleft size-medium wp-image-9002\" alt=\"la_banca (1)\" src=\"http:\/\/www.ecuadoraldia.com.ec\/wp-content\/uploads\/2015\/05\/la_banca-1-300x216.jpg\" width=\"300\" height=\"216\" srcset=\"https:\/\/www.ecuadoraldia.com.ec\/wp-content\/uploads\/2015\/05\/la_banca-1-300x216.jpg 300w, https:\/\/www.ecuadoraldia.com.ec\/wp-content\/uploads\/2015\/05\/la_banca-1.jpg 373w\" sizes=\"(max-width: 300px) 100vw, 300px\" \/><\/a>El presidente de la Rep\u00fablica, Rafael Correa, decret\u00f3 hoy la creaci\u00f3n del banco p\u00fablico denominado BanEcuador B.P. como una entidad financiera con personalidad jur\u00eddica propia y jurisdicci\u00f3n nacional, patrimonio aut\u00f3nomo, autonom\u00eda t\u00e9cnica, administrativa, financiera y presupuestaria.<\/p>\n<p style=\"text-align: justify;\">En el Enlace Ciudadano 423, del s\u00e1bado pasado, el Mandatario explic\u00f3 que la nueva entidad reemplazar\u00e1 al Banco Nacional del Fomento (BNF) y operar\u00e1 desde octubre de 2015.<\/p>\n<p style=\"text-align: justify;\">En esa ocasi\u00f3n, Correa record\u00f3 que el BNF ten\u00eda varios problemas, ya que no estaba adaptada para los usuarios. Entre los inconvenientes de la instituci\u00f3n estaba \u00abque los cr\u00e9ditos no coinciden con los cultivos (\u2026) lo que se hac\u00eda era quebrar a los campesinos\u00bb.<\/p>\n<p style=\"text-align: justify;\">Tambi\u00e9n recalc\u00f3 que BanEcuador se enfocar\u00e1 en las zonas rurales y marginales de todo el pa\u00eds, y la estructura financiera se ajustar\u00e1 a las necesidades y horarios de los campesinos.<\/p>\n<p style=\"text-align: justify;\">Seg\u00fan el Decreto Ejecutivo 677, el objetivo de esta entidad ser\u00e1 la prestaci\u00f3n de servicios financieros de cr\u00e9dito, ahorro e inversi\u00f3n, bajo el criterio de intermediaci\u00f3n financiera de recursos p\u00fablicos y privados, atendiendo a la micro, peque\u00f1a y mediana empresa, as\u00ed como empresas asociativas en sectores de producci\u00f3n, principalmente de agronegocios, comercio y servicios. Su enfoque ser\u00e1 \u00abde desarrollo local y con preferencias en \u00e1reas rurales y urbano-marginales, coadyuvando al fortalecimiento del Plan Nacional del Buen Vivir\u00bb.<\/p>\n<p style=\"text-align: justify;\">BanEcuador tendr\u00e1 una duraci\u00f3n indefinida y estar\u00e1 domiciliada en la ciudad de Quevedo, pero con sucursales alrededor del pa\u00eds. Podr\u00e1 realizar operaciones activas, pasivas, contingentes y de servicios, de conformidad con lo dispuesto por el C\u00f3digo Org\u00e1nico Monetario y Financiero. Asimismo otorgar pr\u00e9stamos hipotecarios y prendarios, quirografarios y cualquier otra modalidad que autorice la Junta de Regulaci\u00f3n Monetaria y Financiera.<\/p>\n<p style=\"text-align: justify;\">El capital suscrito y pagado para el funcionamiento ser\u00e1 de $ 15 millones, constituido con aporte del Estado, a traves del Ministerio de Finanzas. Mientras el capital autorizado ser\u00e1 de $ 30 millones.<\/p>\n<p style=\"text-align: justify;\">Su patrimonio estar\u00e1 compuesto del capital suscrito y pagado, constituci\u00f3n de reservas irrepartibles y otros aportes patrimoniales.<\/p>\n<p style=\"text-align: justify;\">El Directorio de BanEcuador estar\u00e1 presidido por el Ministro de Agricultura, en calidad de delegado del Presidente de la Rep\u00fablica, y tendr\u00e1 voto dirimente. Los otros integrantes los conforman los titulares (o sus delegados permanentes) de los ministerios Coordinador de la Pol\u00edtica, de la Producci\u00f3n e Inclusi\u00f3n Econ\u00f3mica y Social.<\/p>\n<p style=\"text-align: justify;\">El Directorio se constituir\u00e1 dentro de los 10 d\u00edas h\u00e1biles siguientes a la expedici\u00f3n del decreto, y en ellos designar\u00e1 al Gerente General del banco, aprobar\u00e1 el reglamento de acci\u00f3n y el plan de acci\u00f3n.<\/p>\n<p style=\"text-align: justify;\">BanEcuador iniciar\u00e1 operaciones en el plazo m\u00e1ximo de 180 d\u00edas contados a partir de la fecha de aprobaci\u00f3n del presupuesto, indica el decreto. (El telegrafo)<\/p>\n","protected":false},"excerpt":{"rendered":"<p>El presidente de la Rep\u00fablica, Rafael Correa, decret\u00f3 hoy la creaci\u00f3n del banco p\u00fablico denominado BanEcuador B.P. como una entidad<\/p>\n","protected":false},"author":1,"featured_media":0,"comment_status":"open","ping_status":"open","sticky":false,"template":"","format":"standard","meta":{"footnotes":""},"categories":[1],"tags":[],"_links":{"self":[{"href":"https:\/\/www.ecuadoraldia.com.ec\/index.php?rest_route=\/wp\/v2\/posts\/9001"}],"collection":[{"href":"https:\/\/www.ecuadoraldia.com.ec\/index.php?rest_route=\/wp\/v2\/posts"}],"about":[{"href":"https:\/\/www.ecuadoraldia.com.ec\/index.php?rest_route=\/wp\/v2\/types\/post"}],"author":[{"embeddable":true,"href":"https:\/\/www.ecuadoraldia.com.ec\/index.php?rest_route=\/wp\/v2\/users\/1"}],"replies":[{"embeddable":true,"href":"https:\/\/www.ecuadoraldia.com.ec\/index.php?rest_route=%2Fwp%2Fv2%2Fcomments&post=9001"}],"version-history":[{"count":2,"href":"https:\/\/www.ecuadoraldia.com.ec\/index.php?rest_route=\/wp\/v2\/posts\/9001\/revisions"}],"predecessor-version":[{"id":9004,"href":"https:\/\/www.ecuadoraldia.com.ec\/index.php?rest_route=\/wp\/v2\/posts\/9001\/revisions\/9004"}],"wp:attachment":[{"href":"https:\/\/www.ecuadoraldia.com.ec\/index.php?rest_route=%2Fwp%2Fv2%2Fmedia&parent=9001"}],"wp:term":[{"taxonomy":"category","embeddable":true,"href":"https:\/\/www.ecuadoraldia.com.ec\/index.php?rest_route=%2Fwp%2Fv2%2Fcategories&post=9001"},{"taxonomy":"post_tag","embeddable":true,"href":"https:\/\/www.ecuadoraldia.com.ec\/index.php?rest_route=%2Fwp%2Fv2%2Ftags&post=9001"}],"curies":[{"name":"wp","href":"https:\/\/api.w.org\/{rel}","templated":true}]}}