{"id":9008,"date":"2015-05-13T23:37:50","date_gmt":"2015-05-13T23:37:50","guid":{"rendered":"http:\/\/www.ecuadoraldia.com.ec\/?p=9008"},"modified":"2015-05-13T23:37:50","modified_gmt":"2015-05-13T23:37:50","slug":"correa-la-economia-ecuatoriana-sigue-con-mucho-dinamismo","status":"publish","type":"post","link":"https:\/\/www.ecuadoraldia.com.ec\/?p=9008","title":{"rendered":"Correa: \u00abLa econom\u00eda ecuatoriana sigue con mucho dinamismo\u00bb"},"content":{"rendered":"<p style=\"text-align: justify;\"><a href=\"http:\/\/www.ecuadoraldia.com.ec\/wp-content\/uploads\/2015\/05\/rafael-correa-ec.jpg\"><img loading=\"lazy\" decoding=\"async\" class=\"alignleft size-medium wp-image-9009\" alt=\"rafael-correa-ec\" src=\"http:\/\/www.ecuadoraldia.com.ec\/wp-content\/uploads\/2015\/05\/rafael-correa-ec-300x199.jpg\" width=\"300\" height=\"199\" srcset=\"https:\/\/www.ecuadoraldia.com.ec\/wp-content\/uploads\/2015\/05\/rafael-correa-ec-300x199.jpg 300w, https:\/\/www.ecuadoraldia.com.ec\/wp-content\/uploads\/2015\/05\/rafael-correa-ec.jpg 500w\" sizes=\"(max-width: 300px) 100vw, 300px\" \/><\/a>El presidente Rafael Correa se\u00f1al\u00f3 que las pol\u00edticas que se implementaron en el Ecuador para superar el decrecimiento del precio del petr\u00f3leo fueron \u00abadecuadas\u00bb. Considera que lo \u00abm\u00e1s dificil ha pasado\u00bb y espera un segundo trimestre mucho mejor en t\u00e9rminos econ\u00f3micos, sin embargo, dijo que los impactos han sido m\u00ednimos y el Ecuador est\u00e1 preparado para escenarios extremos.<\/p>\n<p style=\"text-align: justify;\">El Jefe de Estado se\u00f1al\u00f3 en un conversatorio con medios internacionales que en la econom\u00eda \u00ablo m\u00e1s duro ha pasado, aunque por all\u00ed pueden haber imponderables\u00bb. Dijo que las pol\u00edticas nacionales permitieron reaccionar bien en un entorno dif\u00edcil. Incluso dijo que el Ecuador est\u00e1 listo para trabajar con los peores escenarios del precio del barril de petr\u00f3leo de $20.<\/p>\n<p style=\"text-align: justify;\">Correa indic\u00f3 que el Ecuador no vivi\u00f3 una crisis, porque \u00abla definici\u00f3n de crisis es tener 2 trimestres consecutivos de decrecimiento para aunque sea hablar de recesi\u00f3n, no hemos tenido ni siquiera eso, pr\u00e1cticamente no ha sentido el Ecuador el entorno dif\u00edcil, modestia a parte, porque tenemos un gran equipo econ\u00f3mico y tomamos las medidas del caso\u00bb.<\/p>\n<p style=\"text-align: justify;\">Lea tambi\u00e9n: Presidente cree que la \u00abOEA es insalvable\u00bb<\/p>\n<p style=\"text-align: justify;\">Se\u00f1al\u00f3 que hablar de crisis es \u00abuna estrategia de la prensa nacional y los opositores\u00bb para \u00abquitarnos la alegr\u00eda, entonces se habl\u00f3 de crisis\u00bb.<\/p>\n<p style=\"text-align: justify;\">El Mandatario record\u00f3 que el petr\u00f3leo empez\u00f3 a decrecer en septiembre. \u00abLlevamos 9 y 10 meses de decrecimiento del precio y de precios bajos\u00bb, precis\u00f3, sin embargo argument\u00f3 como falso de que su gobierno haya trabajado con los \u00abprecios m\u00e1s altos de la historia\u00bb. Dijo que ahora cuesta mucho m\u00e1s producir petr\u00f3leo, porque no se mide cu\u00e1nto se recibe por barril, sino cu\u00e1nto cuesta sacarlo. Dijo que el pa\u00eds los mayores campos petroleros son viejos, \u00bb hay que hacer fuertes inversiones para mantener la producci\u00f3n, no para aumentar la producci\u00f3n, y el costo de la extracci\u00f3n es mucho m\u00e1s alto.<\/p>\n<p style=\"text-align: justify;\">Por ello, el Presidente resalt\u00f3 que se debe ver \u00bb el ingreso neto, en t\u00e9rminos actuales y per c\u00e1pita porque no es lo mismo una producci\u00f3n para 5 o 6 millones de personas, como se ten\u00eda hace 30 y 40 a\u00f1os, a una producci\u00f3n para 16 millones de personas\u00bb.<\/p>\n<p style=\"text-align: justify;\">Reiter\u00f3 que la producci\u00f3n est\u00e1 estable desde hace 12 o 13 a\u00f1os y la producci\u00f3n ecuatoriana ha crecido en 3 millones de personas, \u00abes como tener Uruguay adicionalmente, el presupuesto de Uruguay habr\u00edamos tenido que incorporar\u00bb.<\/p>\n<p style=\"text-align: justify;\">El Jefe de Estado afirm\u00f3 que en su gobierno se trabaja desde el primer d\u00eda para superar la econom\u00eda petrolera, \u00abesto no se hace tirando piedras , palos, con charlataner\u00eda se hace con planes de mediano y largo plazo y lo hemos hecho movilizando esos recursos a otros sectores como el energ\u00e9tico, que nos va a permitir en el 2016 con las 8 hidroel\u00e9ctricas ser portadores de servicio\u00bb.<\/p>\n<p style=\"text-align: justify;\">Dijo que el gobierno invierte en ciencia, tecnolog\u00eda y conocimiento humano, pero que todav\u00eda hace falta reacci\u00f3n del sector privado, sobretodo en el externo, en donde el petr\u00f3leo significaba m\u00e1s del 50% de las exportaciones. Afirm\u00f3 que solo en el primer trimestre se perdi\u00f3 $ 2.000 millones en ingreso por exportaciones y \u00aben una econom\u00eda dolarizada el resultado externo directamente determina el nivel de circulante\u00bb.<\/p>\n<p style=\"text-align: justify;\">El Presidente afirm\u00f3, sin embargo, que el Ecuador \u00abreaccion\u00f3 bien, las cosas han mejorado, estamos listos para escenarios extremos, est\u00e1bamos listos hasta para trabajar con un precio del petr\u00f3leo de$ 20 para sostener la econom\u00eda\u00bb.<\/p>\n<p style=\"text-align: justify;\">Por ello resalt\u00f3 que las \u00abcosas han mejorado, lo m\u00e1s duro ha pasado, la econom\u00eda ecuatoriana sigue con mucho dinamismo, todas las proyecciones nos dicen que el segundo semestre se mantendr\u00e1 o mejorar\u00e1 el precio del petr\u00f3leo excepto en ciertos imponderables como Ir\u00e1n\u00bb.<\/p>\n<p style=\"text-align: justify;\">Recalc\u00f3 que las pol\u00edticas demostraron \u00abser las adecuadas, sin necesidad de esos fonditos que torpemente congelaban el dinero, mandaban los fondos al exterior, utilizamos el \u00faltimo centavo de la forma m\u00e1s eficiente para crear energ\u00edas sociales, productividad, infraestructura, competitividad sist\u00e9mica para tener esas energ\u00edas cuando vengan tiempos dif\u00edciles\u00bb. (El telegrafo)<\/p>\n","protected":false},"excerpt":{"rendered":"<p>El presidente Rafael Correa se\u00f1al\u00f3 que las pol\u00edticas que se implementaron en el Ecuador para superar el decrecimiento del precio<\/p>\n","protected":false},"author":1,"featured_media":0,"comment_status":"open","ping_status":"open","sticky":false,"template":"","format":"standard","meta":{"footnotes":""},"categories":[9,1],"tags":[],"_links":{"self":[{"href":"https:\/\/www.ecuadoraldia.com.ec\/index.php?rest_route=\/wp\/v2\/posts\/9008"}],"collection":[{"href":"https:\/\/www.ecuadoraldia.com.ec\/index.php?rest_route=\/wp\/v2\/posts"}],"about":[{"href":"https:\/\/www.ecuadoraldia.com.ec\/index.php?rest_route=\/wp\/v2\/types\/post"}],"author":[{"embeddable":true,"href":"https:\/\/www.ecuadoraldia.com.ec\/index.php?rest_route=\/wp\/v2\/users\/1"}],"replies":[{"embeddable":true,"href":"https:\/\/www.ecuadoraldia.com.ec\/index.php?rest_route=%2Fwp%2Fv2%2Fcomments&post=9008"}],"version-history":[{"count":2,"href":"https:\/\/www.ecuadoraldia.com.ec\/index.php?rest_route=\/wp\/v2\/posts\/9008\/revisions"}],"predecessor-version":[{"id":9011,"href":"https:\/\/www.ecuadoraldia.com.ec\/index.php?rest_route=\/wp\/v2\/posts\/9008\/revisions\/9011"}],"wp:attachment":[{"href":"https:\/\/www.ecuadoraldia.com.ec\/index.php?rest_route=%2Fwp%2Fv2%2Fmedia&parent=9008"}],"wp:term":[{"taxonomy":"category","embeddable":true,"href":"https:\/\/www.ecuadoraldia.com.ec\/index.php?rest_route=%2Fwp%2Fv2%2Fcategories&post=9008"},{"taxonomy":"post_tag","embeddable":true,"href":"https:\/\/www.ecuadoraldia.com.ec\/index.php?rest_route=%2Fwp%2Fv2%2Ftags&post=9008"}],"curies":[{"name":"wp","href":"https:\/\/api.w.org\/{rel}","templated":true}]}}