{"id":901,"date":"2013-11-14T20:47:37","date_gmt":"2013-11-14T20:47:37","guid":{"rendered":"http:\/\/www.ecuadoraldia.com.ec\/?p=901"},"modified":"2013-11-14T20:47:37","modified_gmt":"2013-11-14T20:47:37","slug":"ecuador-y-peru-conforman-unidad-binacional-de-desminado","status":"publish","type":"post","link":"https:\/\/www.ecuadoraldia.com.ec\/?p=901","title":{"rendered":"Ecuador y Per\u00fa conforman unidad binacional de desminado"},"content":{"rendered":"<p><a href=\"http:\/\/www.ecuadoraldia.com.ec\/wp-content\/uploads\/2013\/11\/correa-humala.jpg\"><img loading=\"lazy\" decoding=\"async\" class=\"alignleft size-medium wp-image-902\" alt=\"correa-humala\" src=\"http:\/\/www.ecuadoraldia.com.ec\/wp-content\/uploads\/2013\/11\/correa-humala-300x135.jpg\" width=\"300\" height=\"135\" srcset=\"https:\/\/www.ecuadoraldia.com.ec\/wp-content\/uploads\/2013\/11\/correa-humala-300x135.jpg 300w, https:\/\/www.ecuadoraldia.com.ec\/wp-content\/uploads\/2013\/11\/correa-humala.jpg 373w\" sizes=\"(max-width: 300px) 100vw, 300px\" \/><\/a>14\/Noviembre\/2013. Piura. Los presidentes de Per\u00fa, Ollanta Humala, y de Ecuador, Rafael Correa, analizaron el estado de la integraci\u00f3n y firmaron acuerdos de cooperaci\u00f3n, en el marco del 15 a\u00f1os del Acuerdo de Paz que puso fin a sus diferencias lim\u00edtrofes.<\/p>\n<p>En su discurso de inauguraci\u00f3n, Humala declar\u00f3 que \u00abesta es una lecci\u00f3n que damos al mundo, de transitar por el camino de la paz, el camino del desarrollo y, como lo dijo Rafael (Correa), la paz es el camino\u00bb.<\/p>\n<p>El mandatario afirm\u00f3 que Per\u00fa y Ecuador quieren un Estado moderno, que incluya a sus ciudadanos en un mercado productivo.<\/p>\n<p>Correa afirm\u00f3 que \u00abno existe una experiencia de pa\u00edses que tuvieron conflictos b\u00e9licos y ahora realicen cada a\u00f1o gabinetes binacionales, como si fueran un solo gobierno\u00bb.<\/p>\n<p>El presidente ecuatoriano opin\u00f3 que ambos pa\u00edses est\u00e1n en la regi\u00f3n \u00abm\u00e1s inequitativa del planeta, por eso todas nuestras pol\u00edticas p\u00fablicas deben estar atravesadas por lograr una regi\u00f3n de m\u00e1s igualdad, de m\u00e1s equidad\u00bb.<\/p>\n<p>Al finalizar el VII Gabinete Ministerial, Humala y Correa firmar\u00e1n una serie de acuerdos de integraci\u00f3n de ambas naciones y ofrecer\u00e1n una rueda de prensa.<\/p>\n<p>La ministra de Exteriores de Per\u00fa, Eda Rivas, afirm\u00f3 la semana pasada a Efe que los Acuerdos de Paz, suscritos tras la guerra no declarada que enfrent\u00f3 a ambos pa\u00edses en 1995, marcaron un hito en la relaci\u00f3n bilateral.<\/p>\n<p>A\u00f1adi\u00f3 que esta relaci\u00f3n ha llegado a un \u00abnivel \u00f3ptimo, que tiene un mecanismo efectivo y eficiente de coordinaci\u00f3n al m\u00e1s alto nivel como es este Gabinete Ministerial de car\u00e1cter binacional.\u00bb<\/p>\n<p>En Piura, los gabinetes de los dos gobiernos analizar\u00e1n los mecanismos que permitan mejorar la integraci\u00f3n, en especial la transfronteriza, en las \u00e1reas de calidad de vida, infraestructura y seguridad. (EFE).<\/p>\n<p>Comisi\u00f2n para terminar preceso de desminado en frontera<\/p>\n<p><a href=\"http:\/\/www.ecuadoraldia.com.ec\/wp-content\/uploads\/2013\/11\/mafer.jpg\"><img loading=\"lazy\" decoding=\"async\" class=\"alignleft size-medium wp-image-903\" alt=\"mafer\" src=\"http:\/\/www.ecuadoraldia.com.ec\/wp-content\/uploads\/2013\/11\/mafer-273x300.jpg\" width=\"273\" height=\"300\" srcset=\"https:\/\/www.ecuadoraldia.com.ec\/wp-content\/uploads\/2013\/11\/mafer-273x300.jpg 273w, https:\/\/www.ecuadoraldia.com.ec\/wp-content\/uploads\/2013\/11\/mafer.jpg 700w\" sizes=\"(max-width: 273px) 100vw, 273px\" \/><\/a>Piura.ANSA 14:53 Jueves 14\/11\/2013 La ministra de Defensa, Mar\u00eda Fernanda Espinosa, anunci\u00f3 hoy que Per\u00fa y Ecuador tienen proyectado la conformaci\u00f3n de una unidad binacional de desminado, para ejecutar las labores de limpieza de minas en su frontera. Espinosa participa en la VII sesi\u00f3n del Gabinete Binacional Per\u00fa-Ecuador, encabezada por los presidentes de Per\u00fa, Ollanta Humala, y de Ecuador, Rafael Correa. \u00abVamos a finiquitar los detalles, pero ya es un hecho que este grupo va a iniciar sus labores en breve\u00bb, declar\u00f3 Espinosa a la agencia local de noticias Andina. En otros temas, Espinosa inform\u00f3 que la actividad de la miner\u00eda ilegal ser\u00e1 abordada en la reuni\u00f3n binacional, dado que -destac\u00f3- es un problema que afecta el medio ambiente y los recursos naturales en la zona de frontera de ambos pa\u00edses. Adem\u00e1s, dijo que para Ecuador es importante el desarme, la lucha contra las actividades il\u00edcitas, el intercambio de informaci\u00f3n de inteligencia, la capacitaci\u00f3n y la formaci\u00f3n civil y militar y la atenci\u00f3n a la poblaci\u00f3n en situaci\u00f3n de riesgo. La cita en Piura, ubicada a unos 1.100 kil\u00f3metros al norte de Lima y pr\u00f3xima a la frontera con Ecuador, concluir\u00e1 hoy por la tarde con la difusi\u00f3n de una declaraci\u00f3n conjunta y la firma de convenios intergubernamentales.<\/p>\n","protected":false},"excerpt":{"rendered":"<p>14\/Noviembre\/2013. Piura. Los presidentes de Per\u00fa, Ollanta Humala, y de Ecuador, Rafael Correa, analizaron el estado de la integraci\u00f3n y<\/p>\n","protected":false},"author":1,"featured_media":0,"comment_status":"open","ping_status":"open","sticky":false,"template":"","format":"standard","meta":{"footnotes":""},"categories":[1],"tags":[],"_links":{"self":[{"href":"https:\/\/www.ecuadoraldia.com.ec\/index.php?rest_route=\/wp\/v2\/posts\/901"}],"collection":[{"href":"https:\/\/www.ecuadoraldia.com.ec\/index.php?rest_route=\/wp\/v2\/posts"}],"about":[{"href":"https:\/\/www.ecuadoraldia.com.ec\/index.php?rest_route=\/wp\/v2\/types\/post"}],"author":[{"embeddable":true,"href":"https:\/\/www.ecuadoraldia.com.ec\/index.php?rest_route=\/wp\/v2\/users\/1"}],"replies":[{"embeddable":true,"href":"https:\/\/www.ecuadoraldia.com.ec\/index.php?rest_route=%2Fwp%2Fv2%2Fcomments&post=901"}],"version-history":[{"count":1,"href":"https:\/\/www.ecuadoraldia.com.ec\/index.php?rest_route=\/wp\/v2\/posts\/901\/revisions"}],"predecessor-version":[{"id":904,"href":"https:\/\/www.ecuadoraldia.com.ec\/index.php?rest_route=\/wp\/v2\/posts\/901\/revisions\/904"}],"wp:attachment":[{"href":"https:\/\/www.ecuadoraldia.com.ec\/index.php?rest_route=%2Fwp%2Fv2%2Fmedia&parent=901"}],"wp:term":[{"taxonomy":"category","embeddable":true,"href":"https:\/\/www.ecuadoraldia.com.ec\/index.php?rest_route=%2Fwp%2Fv2%2Fcategories&post=901"},{"taxonomy":"post_tag","embeddable":true,"href":"https:\/\/www.ecuadoraldia.com.ec\/index.php?rest_route=%2Fwp%2Fv2%2Ftags&post=901"}],"curies":[{"name":"wp","href":"https:\/\/api.w.org\/{rel}","templated":true}]}}