{"id":905,"date":"2013-11-14T20:48:47","date_gmt":"2013-11-14T20:48:47","guid":{"rendered":"http:\/\/www.ecuadoraldia.com.ec\/?p=905"},"modified":"2013-11-14T20:48:47","modified_gmt":"2013-11-14T20:48:47","slug":"chiriboga-muertes-en-caso-fybeca-fueron-planificadas","status":"publish","type":"post","link":"https:\/\/www.ecuadoraldia.com.ec\/?p=905","title":{"rendered":"Chiriboga: muertes en caso FYBECA fueron planificadas"},"content":{"rendered":"<p><a href=\"http:\/\/www.ecuadoraldia.com.ec\/wp-content\/uploads\/2013\/11\/Galo-Chiriboga.jpg\"><img loading=\"lazy\" decoding=\"async\" class=\"alignleft size-medium wp-image-906\" alt=\"Galo-Chiriboga\" src=\"http:\/\/www.ecuadoraldia.com.ec\/wp-content\/uploads\/2013\/11\/Galo-Chiriboga-300x224.jpg\" width=\"300\" height=\"224\" srcset=\"https:\/\/www.ecuadoraldia.com.ec\/wp-content\/uploads\/2013\/11\/Galo-Chiriboga-300x224.jpg 300w, https:\/\/www.ecuadoraldia.com.ec\/wp-content\/uploads\/2013\/11\/Galo-Chiriboga.jpg 545w\" sizes=\"(max-width: 300px) 100vw, 300px\" \/><\/a>Jueves 14\/11\/2013 \u201cDisparos por la espalda, cad\u00e1veres movidos y ocultaci\u00f3n de evidencias\u201d fue lo que expuso Galo Chiriboga, fiscal General, sobre una supuesta actuaci\u00f3n policial en la que murieron ocho personas. El hecho ocurri\u00f3 en el interior de una farmacia del norte de Guayaquil, el 19 de noviembre del 2003. Desde las 08:30 de hoy, 14 de noviembre del 2013, en el auditorio de la Corte Nacional, en el norte de Quito, Chiriboga relata c\u00f3mo, seg\u00fan las investigaciones de Fiscal\u00eda, sucedieron los hechos. Durante la audiencia, Chiriboga dijo que ese d\u00eda la Polic\u00eda se acerc\u00f3 hasta la farmacia del norte de Guayaquil con dos patrullas, en total 20 uniformados a mando de un Mayor. El objetivo era arrestar a un supuesto asaltante. Sin embargo -agreg\u00f3-, \u201clos agentes abrieron fuego en contra de civiles que se encontraban en el establecimiento\u201d. La Polic\u00eda se\u00f1al\u00f3 que \u201clas ocho personas murieron en un cruce de balas\u201d. Pero Chiriboga argument\u00f3 que existe un testigo protegido, quien indic\u00f3 que \u201ca esas personas se las ejecut\u00f3 cuando estaban boca abajo sobre el suelo. Incluso una de las v\u00edctimas intent\u00f3 explicar que era un pastor evang\u00e9lico\u201d. El Fiscal se bas\u00f3 en estos elementos, m\u00e1s otras pericias forenses, para formular cargos por una supuesta ejecuci\u00f3n extrajudicial en contra de 31 personas, entre estos se incluye un fiscal, polic\u00edas y un abogado. Chiriboga solicit\u00f3 al juez nacional Jorge Blum la prisi\u00f3n preventiva de 21 polic\u00edas y, por sus edades, el arresto domiciliario de 10 personas. Estaba previsto que, pasado las 11:00, los abogados de los acusados tomen la palabra y expliquen qu\u00e9, seg\u00fan ellos, pas\u00f3 en la farmacia.<\/p>\n<p>(El comercio-ecuadoraldia.com)<\/p>\n","protected":false},"excerpt":{"rendered":"<p>Jueves 14\/11\/2013 \u201cDisparos por la espalda, cad\u00e1veres movidos y ocultaci\u00f3n de evidencias\u201d fue lo que expuso Galo Chiriboga, fiscal General,<\/p>\n","protected":false},"author":1,"featured_media":0,"comment_status":"open","ping_status":"open","sticky":false,"template":"","format":"standard","meta":{"footnotes":""},"categories":[1],"tags":[],"_links":{"self":[{"href":"https:\/\/www.ecuadoraldia.com.ec\/index.php?rest_route=\/wp\/v2\/posts\/905"}],"collection":[{"href":"https:\/\/www.ecuadoraldia.com.ec\/index.php?rest_route=\/wp\/v2\/posts"}],"about":[{"href":"https:\/\/www.ecuadoraldia.com.ec\/index.php?rest_route=\/wp\/v2\/types\/post"}],"author":[{"embeddable":true,"href":"https:\/\/www.ecuadoraldia.com.ec\/index.php?rest_route=\/wp\/v2\/users\/1"}],"replies":[{"embeddable":true,"href":"https:\/\/www.ecuadoraldia.com.ec\/index.php?rest_route=%2Fwp%2Fv2%2Fcomments&post=905"}],"version-history":[{"count":1,"href":"https:\/\/www.ecuadoraldia.com.ec\/index.php?rest_route=\/wp\/v2\/posts\/905\/revisions"}],"predecessor-version":[{"id":907,"href":"https:\/\/www.ecuadoraldia.com.ec\/index.php?rest_route=\/wp\/v2\/posts\/905\/revisions\/907"}],"wp:attachment":[{"href":"https:\/\/www.ecuadoraldia.com.ec\/index.php?rest_route=%2Fwp%2Fv2%2Fmedia&parent=905"}],"wp:term":[{"taxonomy":"category","embeddable":true,"href":"https:\/\/www.ecuadoraldia.com.ec\/index.php?rest_route=%2Fwp%2Fv2%2Fcategories&post=905"},{"taxonomy":"post_tag","embeddable":true,"href":"https:\/\/www.ecuadoraldia.com.ec\/index.php?rest_route=%2Fwp%2Fv2%2Ftags&post=905"}],"curies":[{"name":"wp","href":"https:\/\/api.w.org\/{rel}","templated":true}]}}