{"id":9302,"date":"2015-05-25T20:12:40","date_gmt":"2015-05-25T20:12:40","guid":{"rendered":"http:\/\/www.ecuadoraldia.com.ec\/?p=9302"},"modified":"2015-05-25T20:12:40","modified_gmt":"2015-05-25T20:12:40","slug":"especies-marinas-no-se-verian-afectadas-por-erupcion-de-volcan-en-la-isla-isabela","status":"publish","type":"post","link":"https:\/\/www.ecuadoraldia.com.ec\/?p=9302","title":{"rendered":"Especies marinas  no se ver\u00edan afectadas por erupci\u00f3n de volc\u00e1n en la isla Isabela"},"content":{"rendered":"<p style=\"text-align: justify;\"><a href=\"http:\/\/www.ecuadoraldia.com.ec\/wp-content\/uploads\/2015\/05\/25-05-15-volcan8.jpg\"><img loading=\"lazy\" decoding=\"async\" class=\"alignleft size-medium wp-image-9303\" alt=\"25-05-15-volcan8\" src=\"http:\/\/www.ecuadoraldia.com.ec\/wp-content\/uploads\/2015\/05\/25-05-15-volcan8-300x199.jpg\" width=\"300\" height=\"199\" srcset=\"https:\/\/www.ecuadoraldia.com.ec\/wp-content\/uploads\/2015\/05\/25-05-15-volcan8-300x199.jpg 300w, https:\/\/www.ecuadoraldia.com.ec\/wp-content\/uploads\/2015\/05\/25-05-15-volcan8.jpg 530w\" sizes=\"(max-width: 300px) 100vw, 300px\" \/><\/a>Una vez que disminuya la actividad eruptiva del volc\u00e1n Wolf, ubicado en el extremo nororiental de la isla Isabela, se realizar\u00e1 un sobrevuelo para analizar la situaci\u00f3n en la zona y monitorear el estado de las iguanas rosadas (Conolophus marthae) que all\u00ed habitan. Se trata de la \u00fanica poblaci\u00f3n de esta especie en el mundo.<\/p>\n<p style=\"text-align: justify;\">Previamente, los t\u00e9cnicos de la Direcci\u00f3n del Parque Nacional Gal\u00e1pagos (DPNG) analizaron la situaci\u00f3n en base a las fotograf\u00edas proporcionadas y se determin\u00f3 que la erupci\u00f3n se desarrolla en el flanco sur del volc\u00e1n y el flujo de lava tiene direcci\u00f3n sureste.<\/p>\n<p style=\"text-align: justify;\">En un comunicado, la DNPG explica que las iguanas rosadas comparten el h\u00e1bitat con iguanas amarillas y las tortugas gigantes Chelonoidis becky, ubicadas en el flanco noroeste, \u00abpor lo que se espera que no se vean afectadas\u00bb. Para supervisar esto se realizar\u00e1 un monitoreo en la zona una vez que la actividad eruptiva disminuya y sea seguro el ingreso de los guardaparques, a\u00f1ade.<\/p>\n<p style=\"text-align: justify;\">La novedad fue reportada a las 01:30 de este lunes al Ministerio del Ambiente. La erupci\u00f3n del volc\u00e1n Wolf, el m\u00e1s alto del archipi\u00e9lago de Gal\u00e1pagos, se produce luego de 33 a\u00f1os de inactividad.<\/p>\n<p style=\"text-align: justify;\">Las autoridades indicaron que actividad volc\u00e1nica no representa un riesgo para las operaciones tur\u00edsticas, por lo que no se han cerrado los sitios de visita cercanos al volc\u00e1n, sin embargo, la autoridad ambiental est\u00e1 notificando a los operadores para que tomen las precauciones respectivas ante este acontecimiento natural.<\/p>\n<p style=\"text-align: justify;\">El volc\u00e1n Wolf tiene una altura de 1.707 metros sobre el nivel del mar, de tipo escudo. Su caldera es de 5.5 a 6.5 kil\u00f3metros de di\u00e1metro, con una profundidad de 700 metros. Lleva el nombre del ge\u00f3logo alem\u00e1n, Theodor Wolf. La primera erupci\u00f3n registrada fue en 1797, luego sucedieron 10 erupciones m\u00e1s siendo la \u00faltima hasta ahora en 1982.<\/p>\n<p style=\"text-align: justify;\">No existe poblaci\u00f3n humana cerca al volc\u00e1n. La poblaci\u00f3n de Puerto Villamil est\u00e1 ubicada a 115 kil\u00f3metros al sur de la isla. (El Tel\u00e9grafo)<\/p>\n<p style=\"text-align: justify;\">\u00a0Especies marinas no se ver\u00edan afectadas por erupc<\/p>\n<p style=\"text-align: justify;\">\n<p>&nbsp;<\/p>\n","protected":false},"excerpt":{"rendered":"<p>Una vez que disminuya la actividad eruptiva del volc\u00e1n Wolf, ubicado en el extremo nororiental de la isla Isabela, se<\/p>\n","protected":false},"author":1,"featured_media":0,"comment_status":"open","ping_status":"open","sticky":false,"template":"","format":"standard","meta":{"footnotes":""},"categories":[1],"tags":[],"_links":{"self":[{"href":"https:\/\/www.ecuadoraldia.com.ec\/index.php?rest_route=\/wp\/v2\/posts\/9302"}],"collection":[{"href":"https:\/\/www.ecuadoraldia.com.ec\/index.php?rest_route=\/wp\/v2\/posts"}],"about":[{"href":"https:\/\/www.ecuadoraldia.com.ec\/index.php?rest_route=\/wp\/v2\/types\/post"}],"author":[{"embeddable":true,"href":"https:\/\/www.ecuadoraldia.com.ec\/index.php?rest_route=\/wp\/v2\/users\/1"}],"replies":[{"embeddable":true,"href":"https:\/\/www.ecuadoraldia.com.ec\/index.php?rest_route=%2Fwp%2Fv2%2Fcomments&post=9302"}],"version-history":[{"count":1,"href":"https:\/\/www.ecuadoraldia.com.ec\/index.php?rest_route=\/wp\/v2\/posts\/9302\/revisions"}],"predecessor-version":[{"id":9304,"href":"https:\/\/www.ecuadoraldia.com.ec\/index.php?rest_route=\/wp\/v2\/posts\/9302\/revisions\/9304"}],"wp:attachment":[{"href":"https:\/\/www.ecuadoraldia.com.ec\/index.php?rest_route=%2Fwp%2Fv2%2Fmedia&parent=9302"}],"wp:term":[{"taxonomy":"category","embeddable":true,"href":"https:\/\/www.ecuadoraldia.com.ec\/index.php?rest_route=%2Fwp%2Fv2%2Fcategories&post=9302"},{"taxonomy":"post_tag","embeddable":true,"href":"https:\/\/www.ecuadoraldia.com.ec\/index.php?rest_route=%2Fwp%2Fv2%2Ftags&post=9302"}],"curies":[{"name":"wp","href":"https:\/\/api.w.org\/{rel}","templated":true}]}}