{"id":9305,"date":"2015-05-25T20:16:35","date_gmt":"2015-05-25T20:16:35","guid":{"rendered":"http:\/\/www.ecuadoraldia.com.ec\/?p=9305"},"modified":"2015-05-25T20:16:35","modified_gmt":"2015-05-25T20:16:35","slug":"glas-declara-cero-tolerancia-a-la-corrupcion","status":"publish","type":"post","link":"https:\/\/www.ecuadoraldia.com.ec\/?p=9305","title":{"rendered":"Glas declara \u00abcero tolerancia \u00bb a la corrupci\u00f3n"},"content":{"rendered":"<p style=\"text-align: justify;\"><a href=\"http:\/\/www.ecuadoraldia.com.ec\/wp-content\/uploads\/2015\/05\/glass.jpg\"><img loading=\"lazy\" decoding=\"async\" class=\"alignleft size-medium wp-image-9306\" alt=\"glass\" src=\"http:\/\/www.ecuadoraldia.com.ec\/wp-content\/uploads\/2015\/05\/glass-300x222.jpg\" width=\"300\" height=\"222\" srcset=\"https:\/\/www.ecuadoraldia.com.ec\/wp-content\/uploads\/2015\/05\/glass-300x222.jpg 300w, https:\/\/www.ecuadoraldia.com.ec\/wp-content\/uploads\/2015\/05\/glass.jpg 319w\" sizes=\"(max-width: 300px) 100vw, 300px\" \/><\/a>El vicepresidente Jorge Glas anunci\u00f3 este lunes que la asamble\u00edsta de Alianza PAIS, M.E.G., detenida ayer en Quito por presuntas actividades que derivar\u00edan en delito de acci\u00f3n p\u00fablica, ser\u00e1 expulsada de las filas del movimiento pol\u00edtico.<\/p>\n<p style=\"text-align: justify;\">\u00abTolerancia cero a la corrupci\u00f3n\u00bb, se\u00f1al\u00f3 Glas en rueda de prensa tras indicar: \u00abEstamos solicitando expresamente a nuestro querido movimiento, Alianza PAIS, la inmediata expulsi\u00f3n de la asamble\u00edsta\u00bb. Tambi\u00e9n dijo que se solicitar\u00e1 la expulsi\u00f3n de M. S. B., afiliado al movimiento. El Segundo Mandatario se refiri\u00f3 a estas personas como \u00abtraidores de un proceso revolucionario\u00bb.<\/p>\n<p style=\"text-align: justify;\">Adem\u00e1s, Glas pidi\u00f3 a la Asamblea que, siguiendo los mecanismos que correspondan, se proceda a la expulsi\u00f3n de M.E.G. de la Legislatura.<\/p>\n<p style=\"text-align: justify;\">Previamente, el Vicepresidente sostuvo: \u00abConfiamos en ellos, pero hemos sido traicionados\u00bb. Confirm\u00f3 que la denuncia la hizo \u00e9l, la semana pasada en la Fiscal\u00eda, y que podr\u00eda haber responsabilidad en contra de M. E.G. Asimismo contra M.S.B., a quien identific\u00f3 como exgerente de una empresa de agua potable, y quien fue detenido ayer en Esmeraldas. Tambi\u00e9n nombr\u00f3 a W.T. P. C., aprehendido en Ibarra.<\/p>\n<p style=\"text-align: justify;\">No le amparar\u00eda inmunidad<\/p>\n<p style=\"text-align: justify;\">En la rueda de prensa se exhibieron videos que demostrar\u00edan los actos de corrupci\u00f3n. Seg\u00fan las investigaciones previas, la asamble\u00edsta M.E.G habr\u00eda solicitado $ 800 mil a nombre del vicepresidente Jorge Glas. M.S.B, exgerente de la empresa de agua potable, habr\u00eda pedido el dinero a los contratistas, mientras que W.T.P.C habr\u00eda recogido el dinero.<\/p>\n<p style=\"text-align: justify;\">\u00abCon dolor, pero con firmeza, los corruptos a la c\u00e1rcel\u00bb, puntualiz\u00f3 Glas al reiterar que estos actos constituyen una \u00abtraici\u00f3n a la patria\u00bb y al proceso pol\u00edtico de Alianza PAIS. \u00abLos recursos del pueblo son sagrados\u00bb, subray\u00f3.<\/p>\n<p style=\"text-align: justify;\">De su lado, el secretario jur\u00eddico de la Presidencia, Alexis Mera, recalc\u00f3 que en estos momentos la asamble\u00edsta est\u00e1 exclusivamente detenida para investigaciones. A la Fiscal\u00eda le toca hoy pedir la formulaci\u00f3n de cargos, si la considera pertinente, apunt\u00f3.<\/p>\n<p style=\"text-align: justify;\">Mera explic\u00f3 que ser\u00e1 el fiscal quien definir\u00e1 el delito, sin embargo, se\u00f1al\u00f3 que -a su criterio jur\u00eddico- ser\u00eda un delito de concusi\u00f3n.<\/p>\n<p style=\"text-align: justify;\">Mera explic\u00f3 que si el juez considera que la legisladora tiene inmunidad, debe solicitar a la Asamblea Nacional el levantamiento de la misma. Sin embargo, subray\u00f3, el criterio de la Presidencia y Vicepresidencia de la Rep\u00fablica es que \u00abal haber ella actuado fuera de sus actividades parlamentarias (pedir plata para comisiones de contratos) no le amparar\u00eda la inmunidad\u00bb.<\/p>\n<p style=\"text-align: justify;\">El Secretario Jur\u00eddico de la Presidencia manifest\u00f3 que no tienen indicio de investigaciones contra ning\u00fan otro asamble\u00edsta. \u00abEsta denuncia es solo contra M.E.G, no tenemos ning\u00fan otro asamble\u00edsta involucrado en estos temas\u00bb, dijo.<\/p>\n<p style=\"text-align: justify;\">Para hoy est\u00e1 prevista la audiencia de formulaci\u00f3n de cargos en contra de la legisladora. La diligencia se realizar\u00e1 en la Corte de Nacional de Justicia (CNJ) por tratarse de una persona que ocupa un alto cargo p\u00fablico.<\/p>\n<p style=\"text-align: justify;\">En una entrevista con el canal Ecuavisa, el fiscal general Galo Chiriboga sostuvo: \u00abNosotros recibimos una informaci\u00f3n por parte del se\u00f1or Vicepresidente de un hecho de posible corrupci\u00f3n en un contrato, en donde se presume que puede estar vinculada esta asamble\u00edsta con dos personas m\u00e1s, una que ha sido detenida en Esmeraldas y otra que fue detenida en Ibarra\u00bb.<\/p>\n<p style=\"text-align: justify;\">El Fiscal General dijo que habr\u00eda \u00abprimero un delito de cohecho, en donde evidentemente se ha obtenido fondos por la suscripci\u00f3n de un contrato. Hay un hecho sorprendente, una empresa p\u00fablica de agua potable en la ciudad de Esmeraldas sin capacidad legal alguna, declar\u00f3 una emergencia para la contrataci\u00f3n de tuber\u00edas y tenemos videos y una gran cantidad de indicios que nos van a permitir sostener adecuadamente este caso\u00bb.<\/p>\n<p style=\"text-align: justify;\">\u00abLa Revoluci\u00f3n Ciudadana no se dejar\u00e1 contaminar por la corrupci\u00f3n\u00bb<\/p>\n<p style=\"text-align: justify;\">Para las 18:00 se prev\u00e9 una rueda de prensa de la Comisi\u00f3n de \u00c9tica de Alianza PAIS. Ayer la secretaria ejecutiva, Doris Soliz, sostuvo: \u00abLa Revoluci\u00f3n Ciudadana no se dejar\u00e1 contaminar por la corrupci\u00f3n. Combatiremos todos aquellos casos que conozcamos, lo hemos hecho siempre, en cada uno de los casos que se han detectado. Quiz\u00e1 no estamos libres de que alg\u00fan funcionario o militante cometa actos de corrupci\u00f3n. Lo que no vamos a permitir es la impunidad, siempre que lo conozcamos, lo sancionaremos y el Presidente ha hecho un llamado precisamente a un combate radical al tema de la corrupci\u00f3n\u00bb.<\/p>\n<p style=\"text-align: justify;\">La Secretaria de PAIS inform\u00f3 tambi\u00e9n que la organizaci\u00f3n pol\u00edtica lanzar\u00e1 un portal electr\u00f3nico \u00abpara que de manera fundamentada nos denuncien casos de corrupci\u00f3n, porque el valor \u00e9tico de esta revoluci\u00f3n no lo podemos perder, es nuestro principal capital\u00bb. (El Tel\u00e9grafo)<\/p>\n","protected":false},"excerpt":{"rendered":"<p>El vicepresidente Jorge Glas anunci\u00f3 este lunes que la asamble\u00edsta de Alianza PAIS, M.E.G., detenida ayer en Quito por presuntas<\/p>\n","protected":false},"author":1,"featured_media":0,"comment_status":"open","ping_status":"open","sticky":false,"template":"","format":"standard","meta":{"footnotes":""},"categories":[1],"tags":[],"_links":{"self":[{"href":"https:\/\/www.ecuadoraldia.com.ec\/index.php?rest_route=\/wp\/v2\/posts\/9305"}],"collection":[{"href":"https:\/\/www.ecuadoraldia.com.ec\/index.php?rest_route=\/wp\/v2\/posts"}],"about":[{"href":"https:\/\/www.ecuadoraldia.com.ec\/index.php?rest_route=\/wp\/v2\/types\/post"}],"author":[{"embeddable":true,"href":"https:\/\/www.ecuadoraldia.com.ec\/index.php?rest_route=\/wp\/v2\/users\/1"}],"replies":[{"embeddable":true,"href":"https:\/\/www.ecuadoraldia.com.ec\/index.php?rest_route=%2Fwp%2Fv2%2Fcomments&post=9305"}],"version-history":[{"count":1,"href":"https:\/\/www.ecuadoraldia.com.ec\/index.php?rest_route=\/wp\/v2\/posts\/9305\/revisions"}],"predecessor-version":[{"id":9307,"href":"https:\/\/www.ecuadoraldia.com.ec\/index.php?rest_route=\/wp\/v2\/posts\/9305\/revisions\/9307"}],"wp:attachment":[{"href":"https:\/\/www.ecuadoraldia.com.ec\/index.php?rest_route=%2Fwp%2Fv2%2Fmedia&parent=9305"}],"wp:term":[{"taxonomy":"category","embeddable":true,"href":"https:\/\/www.ecuadoraldia.com.ec\/index.php?rest_route=%2Fwp%2Fv2%2Fcategories&post=9305"},{"taxonomy":"post_tag","embeddable":true,"href":"https:\/\/www.ecuadoraldia.com.ec\/index.php?rest_route=%2Fwp%2Fv2%2Ftags&post=9305"}],"curies":[{"name":"wp","href":"https:\/\/api.w.org\/{rel}","templated":true}]}}